{"id":853,"date":"2025-10-17T14:17:54","date_gmt":"2025-10-17T12:17:54","guid":{"rendered":"https:\/\/kukkonia.sk\/?p=853"},"modified":"2025-10-17T14:17:54","modified_gmt":"2025-10-17T12:17:54","slug":"umelecka-zahrada-v-zlatej-zahrade-toto-je-kukkonia-art-garden","status":"publish","type":"post","link":"https:\/\/kukkonia.sk\/hu\/umelecka-zahrada-v-zlatej-zahrade-toto-je-kukkonia-art-garden\/","title":{"rendered":"M\u0171v\u00e9szeti kert az Aranykertben \u2013 ez a Kukkonia Art Garden"},"content":{"rendered":"<p class=\"wp-block-paragraph\"><strong>Csaknem sz\u00e1z di\u00e1k vett r\u00e9szt az idei tehets\u00e9gkutat\u00f3 versenyen. A be\u00e9rkezett kreat\u00edv alkot\u00e1sokb\u00f3l ki\u00e1ll\u00edt\u00e1s ny\u00edlt.<\/strong><\/p>\n\n\n\n<p class=\"wp-block-paragraph\">\u201eA Kukkonia Art Garden kezdem\u00e9nyez\u00e9ssel egy olyan platformot szerett\u00fcnk volna l\u00e9trehozni, amely teret ad a helyi fiatal gener\u00e1ci\u00f3nak az \u00f6nkifejez\u00e9sre, v\u00e9lem\u00e9nyalkot\u00e1sra, megfigyel\u00e9sre \u00e9s saj\u00e1t k\u00f6rnyezet\u00fck form\u00e1l\u00e1s\u00e1ra vagy \u00e9rz\u00e9kel\u00e9s\u00e9re,\u201d \u2013 mondta T\u00edmea D\u00f3ka, a Kukkonia Polg\u00e1ri T\u00e1rsul\u00e1s eln\u00f6ke a ki\u00e1ll\u00edt\u00e1s megnyit\u00f3j\u00e1n. A verseny harmadik \u00e9vad\u00e1ra 91 di\u00e1k jelentkezett, a 7., 8. \u00e9s 9. \u00e9vfolyamos \u00e1ltal\u00e1nos iskol\u00e1sok \u00e9s a k\u00f6z\u00e9piskol\u00e1sok. A zs\u0171ri eln\u00f6ke \u00e9s a verseny szakmai vezet\u0151je, Ferdics B\u00e9la k\u00e9pz\u0151m\u0171v\u00e9sz elmondta, hogy a tehets\u00e9gkutat\u00f3 verseny c\u00e9lja bemutatni a tehets\u00e9ges gyerekeket \u00e9s fiatalokat, akik m\u0171v\u00e9szeti ir\u00e1nyults\u00e1g\u00fa fels\u0151oktat\u00e1sban szeretn\u00e9nek tanulni, vagy professzion\u00e1lisan k\u00edv\u00e1nnak k\u00e9pz\u0151m\u0171v\u00e9szettel foglalkozni.<\/p>\n\n\n\n<p class=\"wp-block-paragraph\">A di\u00e1kok h\u00e1rom t\u00e9m\u00e1ban alkottak:<strong><em>&nbsp;Csall\u00f3k\u00f6z \u00e9s \u00e9n, Leveg\u0151! \u00e9s Ritmus az \u00f6tlet.<\/em><\/strong>Rajzokat, grafik\u00e1kat, festm\u00e9nyeket \u00e9s t\u00e9rbeli alkot\u00e1sokat k\u00e9sz\u00edthettek. A di\u00e1kok a t\u00e9mak\u00f6r\u00f6kben a term\u00e9szeti m\u0171v\u00e9szet \u00e9s az ipari formatervez\u00e9s ter\u00fclet\u00e9n is alkothattak, de versenyezhettek haszn\u00e1lati t\u00e1rgyakkal, f\u00e9nyk\u00e9pekkel, film- \u00e9s audiovizu\u00e1lis m\u0171vekkel, valamint zenei kompoz\u00edci\u00f3kkal is.<\/p>\n\n\n\n<p class=\"wp-block-paragraph\">A m\u0171alkot\u00e1sokat Anik\u00f3 Maz\u00e1n k\u00e9pz\u0151m\u0171v\u00e9sz, Helen T\u00f3th fest\u0151m\u0171v\u00e9sz, K\u00e1lm\u00e1n Tarr multim\u00e9di\u00e1s diz\u00e1jner, Gergely N\u00e9meth art director, Istv\u00e1n Alf\u00f6ldi keramikus, Andr\u00e1s Cs\u00e9falvay fotogr\u00e1fus \u00e9s Csaba Moln\u00e1r filmrendez\u0151 \u00e9rt\u00e9kelte.&nbsp;<\/p>\n\n\n\n<p class=\"wp-block-paragraph\">Az idei \u00e9vben a d\u00edj\u00e1tad\u00f3 \u00e9s a ki\u00e1ll\u00edt\u00e1s \u00fcnnep\u00e9lyes megnyit\u00f3ja el\u0151tt ism\u00e9t megrendez\u00e9sre ker\u00fclt a Kukkonia Art Garden Terefere besz\u00e9lget\u00e9s, ahol a tehets\u00e9ges alkot\u00f3k betekint\u00e9st nyerhettek a m\u0171v\u00e9szek vil\u00e1g\u00e1ba, ez\u00e1ltal mag\u00e1ba a m\u0171v\u00e9szet vil\u00e1g\u00e1ba is.\nA verseny mentorai \u2013 Csaba Moln\u00e1r filmrendez\u0151, Andr\u00e1s Cs\u00e9falvay fotogr\u00e1fus \u00e9s fot\u00f3riporter, Anik\u00f3 Maz\u00e1n k\u00e9pz\u0151m\u0171v\u00e9sz \u00e9s pedag\u00f3gus, Attila J\u00f3n\u00e1s aut\u00f3tervez\u0151 (Sv\u00e9dorsz\u00e1gban a Geely Lynk &amp; Co aut\u00f3st\u00fadi\u00f3n\u00e1l dolgozik), Rita Koszor\u00fas vizu\u00e1lis m\u0171v\u00e9sz \u00e9s Rich\u00e1rd Aradsky k\u00e9pz\u0151m\u0171v\u00e9sz, pedag\u00f3gus, szobr\u00e1sz \u2013 besz\u00e9ltek szakmai p\u00e1lyafut\u00e1sukr\u00f3l, motiv\u00e1ci\u00f3jukr\u00f3l, inspir\u00e1ci\u00f3ikr\u00f3l, sikereikr\u0151l \u00e9s kudarcokr\u00f3l, hogy b\u00e1tor\u00edts\u00e1k a fiatalokat: \u00e9rdemes \u00e1lmodni.\nA r\u00f6vid sz\u00fcnet ut\u00e1n a ki\u00e1ll\u00edt\u00e1s megnyit\u00f3j\u00e1t r\u00f6vid kultur\u00e1lis program k\u00f6vette. A jelenl\u00e9v\u0151k hallhatt\u00e1k a dunaszerdahelyi Alapfok\u00fa M\u0171v\u00e9szeti Iskola n\u00f6vend\u00e9keinek el\u0151ad\u00e1s\u00e1t: a git\u00e1rtan\u00e1r Jurko \u0160abo \u00e9s tan\u00edtv\u00e1nyai \u2013 M\u00e1t\u00e9 Viola, Tamara Czinege, Samuel Feh\u00e9r \u00e9s Michal Kodada \u2013 Astor Piazzolla Libertango c\u00edm\u0171 darabj\u00e1t adt\u00e1k el\u0151 git\u00e1ron \u00e9s dobon. Ezt k\u00f6vet\u0151en a kezdem\u00e9nyez\u00e9s h\u00e1zigazd\u00e1i, B\u00e9la Ferdics \u00e9s Gergely N\u00e9meth t\u00e1j\u00e9koztatt\u00e1k a r\u00e9sztvev\u0151ket a verseny eredm\u00e9nyeir\u0151l \u00e9s \u00e9rt\u00e9kelt\u00e9k a be\u00e9rkezett alkot\u00e1sokat.<\/p>\n\n\n\n<p class=\"wp-block-paragraph\">Az els\u0151 kateg\u00f3ri\u00e1ban&nbsp;<strong>Dominik Fodor<\/strong>a dunaszerdahelyi Alapfok\u00fa M\u0171v\u00e9szeti Iskola tanul\u00f3ja v\u00e9gzett az els\u0151 helyen, m\u00e1sodik helyen oszt\u00e1lyt\u00e1rsa,&nbsp;<strong>Zs\u00f3fia Szelle<\/strong>&nbsp;a harmadik helyet pedig \u00c1rmina V\u00e1mb\u00e9ry Alapiskola tanul\u00f3ja,&nbsp;<strong>Zs\u00f3fia Bohu\u0161<\/strong>szerezte meg.<\/p>\n\n\n\n<p class=\"wp-block-paragraph\">A m\u00e1sodik kateg\u00f3ri\u00e1ban az els\u0151 d\u00edjat&nbsp;<strong>P\u00e1l D\u00e1niel Moln\u00e1r<\/strong>a J\u00f3zsef Janiga Alapfok\u00fa M\u0171v\u00e9szeti Iskola tanul\u00f3ja nyerte, a m\u00e1sodik helyen&nbsp;<strong>Fl\u00f3ra Erd\u00e9lyi<\/strong>a kol\u00e1rov\u00f3i Mag\u00e1niparm\u0171v\u00e9szeti Iskola tanul\u00f3ja v\u00e9gzett, a harmadik helyezett pedig&nbsp;<strong>Zita Zsilinszky<\/strong>a dunaszerdahelyi Alapfok\u00fa M\u0171v\u00e9szeti Iskola tanul\u00f3ja lett.<\/p>\n\n\n\n<p class=\"wp-block-paragraph\">A harmadik kateg\u00f3ri\u00e1ban az els\u0151 helyezett&nbsp;<strong>\u00c1gnes Nagy<\/strong>a kol\u00e1rov\u00f3i Mag\u00e1niparm\u0171v\u00e9szeti Iskola tanul\u00f3ja lett. A m\u00e1sodik helyet&nbsp;<strong>Eliot M\u00e9ry<\/strong>szint\u00e9n a kol\u00e1rov\u00f3i Mag\u00e1niparm\u0171v\u00e9szeti Iskola tanul\u00f3ja szerezte meg, a harmadik helyez\u00e9st pedig&nbsp;<strong>Barbara Zs\u00f3fia Wagner<\/strong>&nbsp;nagymederi tanul\u00f3 kapta.<\/p>\n\n\n\n<p class=\"wp-block-paragraph\"><strong>A k\u00fcl\u00f6nd\u00edjat olyan alkot\u00e1sok kapt\u00e1k, amelyek k\u00fcl\u00f6nb\u00f6z\u0151 technik\u00e1kat alkalmaztak.<\/strong><\/p>\n\n\n\n<ul class=\"wp-block-list\">\n<li>Rajz \u2013 Fanni Antal, a kom\u00e1romi Alapfok\u00fa M\u0171v\u00e9szeti Iskola tanul\u00f3ja<\/li>\n\n\n\n<li>Fest\u00e9szet \u2013 Veronika Valocsay, a pozsonyi S\u0160UP di\u00e1kja<\/li>\n\n\n\n<li>Grafika \u2013 Samuel Feh\u00e9r, a dunaszerdahelyi Alapfok\u00fa M\u0171v\u00e9szeti Iskola tanul\u00f3ja<\/li>\n\n\n\n<li>Grafika \u2013 R\u00e9ka Nagy, a kol\u00e1rovi Szakmunk\u00e1sk\u00e9pz\u0151 Iskola di\u00e1kja<\/li>\n\n\n\n<li>Fot\u00f3 \u00e9s po\u00e9n \u2013 Sofia Horv\u00e1th, a dunaszerdahelyi Alapfok\u00fa M\u0171v\u00e9szeti Iskola tanul\u00f3ja<\/li>\n\n\n\n<li>Film \u2013 Bence B\u00edr\u00f3, a dunaszerdahelyi Zolt\u00e1n Kod\u00e1ly Alapfok\u00fa M\u0171v\u00e9szeti Iskola tanul\u00f3ja<\/li>\n\n\n\n<li>Multim\u00e9dia \u2013 Nikoletta Herberger, a rohovci Alapfok\u00fa M\u0171v\u00e9szeti Iskola di\u00e1kja<\/li>\n\n\n\n<li>T\u00e9rbeli m\u0171alkot\u00e1sok, szobr\u00e1szat \u2013 Elias Simon, a kom\u00e1romi Alapfok\u00fa M\u0171v\u00e9szeti Iskola tanul\u00f3ja<\/li>\n\n\n\n<li>T\u00e9rbeli m\u0171alkot\u00e1sok install\u00e1ci\u00f3ja \u2013 Anna Both, a Jozsef Janiga Alapfok\u00fa M\u0171v\u00e9szeti Iskola tanul\u00f3ja<\/li>\n\n\n\n<li>T\u00e9rbeli m\u0171alkot\u00e1s, aszsembl\u00e1zs \u2013 Korina Korn\u00e9lia Varga, a dunaszerdahelyi Alapfok\u00fa M\u0171v\u00e9szeti Iskola di\u00e1kja<\/li>\n<\/ul>\n\n\n\n<figure class=\"wp-block-embed is-type-video is-provider-youtube wp-block-embed-youtube wp-embed-aspect-16-9 wp-has-aspect-ratio\"><div class=\"wp-block-embed__wrapper\">\n<iframe loading=\"lazy\" title=\"Kukkonia Art Garden 2024\" width=\"500\" height=\"281\" src=\"https:\/\/www.youtube.com\/embed\/ziNEwU8kvuI?feature=oembed\" frameborder=\"0\" allow=\"accelerometer; autoplay; clipboard-write; encrypted-media; gyroscope; picture-in-picture; web-share\" referrerpolicy=\"strict-origin-when-cross-origin\" allowfullscreen><\/iframe>\n<\/div><\/figure>","protected":false},"excerpt":{"rendered":"<p>Takmer sto \u017eiakov a \u0161tudentov sa zapojilo do tohtoro\u010dnej talentovej s\u00fa\u0165a\u017ee. Z prijat\u00fdch kreat\u00edvnych tvorieb s\u00fa\u0165a\u017eiacich bola otvoren\u00e1 v\u00fdstava. \u201ePomocou iniciat\u00edvy Kukkonia Art Garden sme chceli vytvori\u0165 platformu, ktor\u00e1 d\u00e1va priestor miestnej mladej gener\u00e1cii na sebarealiz\u00e1ciu, zaujatie stanoviska, pozorovanie a formovanie \u010di vn\u00edmanie vlastn\u00e9ho prostredia.\u201c, povedala na otvoren\u00ed v\u00fdstavy T\u00edmea D\u00f3ka, predsedn\u00ed\u010dka Ob\u010dianskeho zdru\u017eenia Kukkonia. [&hellip;]<\/p>\n","protected":false},"author":1,"featured_media":854,"comment_status":"open","ping_status":"open","sticky":false,"template":"","format":"standard","meta":{"_acf_changed":false,"footnotes":""},"categories":[14,2],"tags":[],"class_list":["post-853","post","type-post","status-publish","format-standard","has-post-thumbnail","hentry","category-kukkonia-art-garden","category-kultura"],"acf":[],"yoast_head":"<!-- This site is optimized with the Yoast SEO plugin v28.3 - https:\/\/yoast.com\/product\/yoast-seo-wordpress\/ -->\n<title>Umeleck\u00e1 z\u00e1hrada Kukkonia Art Garden | Kukkonia<\/title>\n<meta name=\"description\" content=\"Takmer sto \u017eiakov a \u0161tudentov sa zapojilo do Kukkonia Art Garden, talentovej s\u00fa\u0165a\u017ee, ktor\u00e1 mlad\u00fdm tvorcom priniesla v\u00fdstavu aj stretnutie s mentormi.\" \/>\n<meta name=\"robots\" content=\"index, follow, max-snippet:-1, max-image-preview:large, max-video-preview:-1\" \/>\n<link rel=\"canonical\" href=\"https:\/\/kukkonia.sk\/hu\/umelecka-zahrada-v-zlatej-zahrade-toto-je-kukkonia-art-garden\/\" \/>\n<meta property=\"og:locale\" content=\"hu_HU\" \/>\n<meta property=\"og:type\" content=\"article\" \/>\n<meta property=\"og:title\" content=\"Umeleck\u00e1 z\u00e1hrada Kukkonia Art Garden | Kukkonia\" \/>\n<meta property=\"og:description\" content=\"Takmer sto \u017eiakov a \u0161tudentov sa zapojilo do Kukkonia Art Garden, talentovej s\u00fa\u0165a\u017ee, ktor\u00e1 mlad\u00fdm tvorcom priniesla v\u00fdstavu aj stretnutie s mentormi.\" \/>\n<meta property=\"og:url\" content=\"https:\/\/kukkonia.sk\/hu\/umelecka-zahrada-v-zlatej-zahrade-toto-je-kukkonia-art-garden\/\" \/>\n<meta property=\"og:site_name\" content=\"Kukkonia\" \/>\n<meta property=\"article:publisher\" content=\"https:\/\/www.facebook.com\/kukkonia.sk\/\" \/>\n<meta property=\"article:published_time\" content=\"2025-10-17T12:17:54+00:00\" \/>\n<meta property=\"og:image\" content=\"https:\/\/kukkonia.sk\/wp-content\/uploads\/2025\/10\/kag_nap_97_1.jpg\" \/>\n\t<meta property=\"og:image:width\" content=\"1920\" \/>\n\t<meta property=\"og:image:height\" content=\"920\" \/>\n\t<meta property=\"og:image:type\" content=\"image\/jpeg\" \/>\n<meta name=\"author\" content=\"Kukk0n1adm1n\" \/>\n<meta name=\"twitter:card\" content=\"summary_large_image\" \/>\n<meta name=\"twitter:label1\" content=\"Szerz\u0151:\" \/>\n\t<meta name=\"twitter:data1\" content=\"Kukk0n1adm1n\" \/>\n\t<meta name=\"twitter:label2\" content=\"Becs\u00fclt olvas\u00e1si id\u0151\" \/>\n\t<meta name=\"twitter:data2\" content=\"4 perc\" \/>\n<script type=\"application\/ld+json\" class=\"yoast-schema-graph\">{\"@context\":\"https:\\\/\\\/schema.org\",\"@graph\":[{\"@type\":\"Article\",\"@id\":\"https:\\\/\\\/kukkonia.sk\\\/umelecka-zahrada-v-zlatej-zahrade-toto-je-kukkonia-art-garden\\\/#article\",\"isPartOf\":{\"@id\":\"https:\\\/\\\/kukkonia.sk\\\/umelecka-zahrada-v-zlatej-zahrade-toto-je-kukkonia-art-garden\\\/\"},\"author\":{\"name\":\"Kukk0n1adm1n\",\"@id\":\"https:\\\/\\\/kukkonia.sk\\\/#\\\/schema\\\/person\\\/a85619faa9a5847fc89d211c0ba15fa5\"},\"headline\":\"Umeleck\u00e1 z\u00e1hrada v zlatej z\u00e1hrade \u2013 toto je kukkonia art garden\",\"datePublished\":\"2025-10-17T12:17:54+00:00\",\"mainEntityOfPage\":{\"@id\":\"https:\\\/\\\/kukkonia.sk\\\/umelecka-zahrada-v-zlatej-zahrade-toto-je-kukkonia-art-garden\\\/\"},\"wordCount\":827,\"commentCount\":0,\"publisher\":{\"@id\":\"https:\\\/\\\/kukkonia.sk\\\/#organization\"},\"image\":{\"@id\":\"https:\\\/\\\/kukkonia.sk\\\/umelecka-zahrada-v-zlatej-zahrade-toto-je-kukkonia-art-garden\\\/#primaryimage\"},\"thumbnailUrl\":\"https:\\\/\\\/kukkonia.sk\\\/wp-content\\\/uploads\\\/2025\\\/10\\\/kag_nap_97_1.jpg\",\"articleSection\":[\"Kukkonia Art Garden\",\"Kult\u00fara\"],\"inLanguage\":\"hu\",\"potentialAction\":[{\"@type\":\"CommentAction\",\"name\":\"Comment\",\"target\":[\"https:\\\/\\\/kukkonia.sk\\\/umelecka-zahrada-v-zlatej-zahrade-toto-je-kukkonia-art-garden\\\/#respond\"]}]},{\"@type\":\"WebPage\",\"@id\":\"https:\\\/\\\/kukkonia.sk\\\/umelecka-zahrada-v-zlatej-zahrade-toto-je-kukkonia-art-garden\\\/\",\"url\":\"https:\\\/\\\/kukkonia.sk\\\/umelecka-zahrada-v-zlatej-zahrade-toto-je-kukkonia-art-garden\\\/\",\"name\":\"Umeleck\u00e1 z\u00e1hrada Kukkonia Art Garden | Kukkonia\",\"isPartOf\":{\"@id\":\"https:\\\/\\\/kukkonia.sk\\\/#website\"},\"primaryImageOfPage\":{\"@id\":\"https:\\\/\\\/kukkonia.sk\\\/umelecka-zahrada-v-zlatej-zahrade-toto-je-kukkonia-art-garden\\\/#primaryimage\"},\"image\":{\"@id\":\"https:\\\/\\\/kukkonia.sk\\\/umelecka-zahrada-v-zlatej-zahrade-toto-je-kukkonia-art-garden\\\/#primaryimage\"},\"thumbnailUrl\":\"https:\\\/\\\/kukkonia.sk\\\/wp-content\\\/uploads\\\/2025\\\/10\\\/kag_nap_97_1.jpg\",\"datePublished\":\"2025-10-17T12:17:54+00:00\",\"description\":\"Takmer sto \u017eiakov a \u0161tudentov sa zapojilo do Kukkonia Art Garden, talentovej s\u00fa\u0165a\u017ee, ktor\u00e1 mlad\u00fdm tvorcom priniesla v\u00fdstavu aj stretnutie s mentormi.\",\"breadcrumb\":{\"@id\":\"https:\\\/\\\/kukkonia.sk\\\/umelecka-zahrada-v-zlatej-zahrade-toto-je-kukkonia-art-garden\\\/#breadcrumb\"},\"inLanguage\":\"hu\",\"potentialAction\":[{\"@type\":\"ReadAction\",\"target\":[\"https:\\\/\\\/kukkonia.sk\\\/umelecka-zahrada-v-zlatej-zahrade-toto-je-kukkonia-art-garden\\\/\"]}]},{\"@type\":\"ImageObject\",\"inLanguage\":\"hu\",\"@id\":\"https:\\\/\\\/kukkonia.sk\\\/umelecka-zahrada-v-zlatej-zahrade-toto-je-kukkonia-art-garden\\\/#primaryimage\",\"url\":\"https:\\\/\\\/kukkonia.sk\\\/wp-content\\\/uploads\\\/2025\\\/10\\\/kag_nap_97_1.jpg\",\"contentUrl\":\"https:\\\/\\\/kukkonia.sk\\\/wp-content\\\/uploads\\\/2025\\\/10\\\/kag_nap_97_1.jpg\",\"width\":1920,\"height\":920},{\"@type\":\"BreadcrumbList\",\"@id\":\"https:\\\/\\\/kukkonia.sk\\\/umelecka-zahrada-v-zlatej-zahrade-toto-je-kukkonia-art-garden\\\/#breadcrumb\",\"itemListElement\":[{\"@type\":\"ListItem\",\"position\":1,\"name\":\"Domov\",\"item\":\"https:\\\/\\\/kukkonia.sk\\\/\"},{\"@type\":\"ListItem\",\"position\":2,\"name\":\"Umeleck\u00e1 z\u00e1hrada v zlatej z\u00e1hrade \u2013 toto je kukkonia art garden\"}]},{\"@type\":\"WebSite\",\"@id\":\"https:\\\/\\\/kukkonia.sk\\\/#website\",\"url\":\"https:\\\/\\\/kukkonia.sk\\\/\",\"name\":\"Kukkonia\",\"description\":\"\",\"publisher\":{\"@id\":\"https:\\\/\\\/kukkonia.sk\\\/#organization\"},\"alternateName\":\"Kukkonia.sk\",\"potentialAction\":[{\"@type\":\"SearchAction\",\"target\":{\"@type\":\"EntryPoint\",\"urlTemplate\":\"https:\\\/\\\/kukkonia.sk\\\/?s={search_term_string}\"},\"query-input\":{\"@type\":\"PropertyValueSpecification\",\"valueRequired\":true,\"valueName\":\"search_term_string\"}}],\"inLanguage\":\"hu\"},{\"@type\":\"Organization\",\"@id\":\"https:\\\/\\\/kukkonia.sk\\\/#organization\",\"name\":\"Kukkonia\",\"url\":\"https:\\\/\\\/kukkonia.sk\\\/\",\"logo\":{\"@type\":\"ImageObject\",\"inLanguage\":\"hu\",\"@id\":\"https:\\\/\\\/kukkonia.sk\\\/#\\\/schema\\\/logo\\\/image\\\/\",\"url\":\"https:\\\/\\\/kukkonia.sk\\\/wp-content\\\/uploads\\\/2025\\\/09\\\/kukkonia-logobgr.svg\",\"contentUrl\":\"https:\\\/\\\/kukkonia.sk\\\/wp-content\\\/uploads\\\/2025\\\/09\\\/kukkonia-logobgr.svg\",\"caption\":\"Kukkonia\"},\"image\":{\"@id\":\"https:\\\/\\\/kukkonia.sk\\\/#\\\/schema\\\/logo\\\/image\\\/\"},\"sameAs\":[\"https:\\\/\\\/www.facebook.com\\\/kukkonia.sk\\\/\",\"https:\\\/\\\/www.instagram.com\\\/kukkonia\\\/\"]},{\"@type\":\"Person\",\"@id\":\"https:\\\/\\\/kukkonia.sk\\\/#\\\/schema\\\/person\\\/a85619faa9a5847fc89d211c0ba15fa5\",\"name\":\"Kukk0n1adm1n\",\"image\":{\"@type\":\"ImageObject\",\"inLanguage\":\"hu\",\"@id\":\"https:\\\/\\\/secure.gravatar.com\\\/avatar\\\/66d75025c60e20f3d1ff9e27481a2fa8fafb25f366b5bb28abf8bc4654ca980f?s=96&d=mm&r=g\",\"url\":\"https:\\\/\\\/secure.gravatar.com\\\/avatar\\\/66d75025c60e20f3d1ff9e27481a2fa8fafb25f366b5bb28abf8bc4654ca980f?s=96&d=mm&r=g\",\"contentUrl\":\"https:\\\/\\\/secure.gravatar.com\\\/avatar\\\/66d75025c60e20f3d1ff9e27481a2fa8fafb25f366b5bb28abf8bc4654ca980f?s=96&d=mm&r=g\",\"caption\":\"Kukk0n1adm1n\"},\"sameAs\":[\"https:\\\/\\\/kukkonia.sk\"]}]}<\/script>\n<!-- \/ Yoast SEO plugin. -->","yoast_head_json":{"title":"Umeleck\u00e1 z\u00e1hrada Kukkonia Art Garden | Kukkonia","description":"Takmer sto \u017eiakov a \u0161tudentov sa zapojilo do Kukkonia Art Garden, talentovej s\u00fa\u0165a\u017ee, ktor\u00e1 mlad\u00fdm tvorcom priniesla v\u00fdstavu aj stretnutie s mentormi.","robots":{"index":"index","follow":"follow","max-snippet":"max-snippet:-1","max-image-preview":"max-image-preview:large","max-video-preview":"max-video-preview:-1"},"canonical":"https:\/\/kukkonia.sk\/hu\/umelecka-zahrada-v-zlatej-zahrade-toto-je-kukkonia-art-garden\/","og_locale":"hu_HU","og_type":"article","og_title":"Umeleck\u00e1 z\u00e1hrada Kukkonia Art Garden | Kukkonia","og_description":"Takmer sto \u017eiakov a \u0161tudentov sa zapojilo do Kukkonia Art Garden, talentovej s\u00fa\u0165a\u017ee, ktor\u00e1 mlad\u00fdm tvorcom priniesla v\u00fdstavu aj stretnutie s mentormi.","og_url":"https:\/\/kukkonia.sk\/hu\/umelecka-zahrada-v-zlatej-zahrade-toto-je-kukkonia-art-garden\/","og_site_name":"Kukkonia","article_publisher":"https:\/\/www.facebook.com\/kukkonia.sk\/","article_published_time":"2025-10-17T12:17:54+00:00","og_image":[{"width":1920,"height":920,"url":"https:\/\/kukkonia.sk\/wp-content\/uploads\/2025\/10\/kag_nap_97_1.jpg","type":"image\/jpeg"}],"author":"Kukk0n1adm1n","twitter_card":"summary_large_image","twitter_misc":{"Szerz\u0151:":"Kukk0n1adm1n","Becs\u00fclt olvas\u00e1si id\u0151":"4 perc"},"schema":{"@context":"https:\/\/schema.org","@graph":[{"@type":"Article","@id":"https:\/\/kukkonia.sk\/umelecka-zahrada-v-zlatej-zahrade-toto-je-kukkonia-art-garden\/#article","isPartOf":{"@id":"https:\/\/kukkonia.sk\/umelecka-zahrada-v-zlatej-zahrade-toto-je-kukkonia-art-garden\/"},"author":{"name":"Kukk0n1adm1n","@id":"https:\/\/kukkonia.sk\/#\/schema\/person\/a85619faa9a5847fc89d211c0ba15fa5"},"headline":"Umeleck\u00e1 z\u00e1hrada v zlatej z\u00e1hrade \u2013 toto je kukkonia art garden","datePublished":"2025-10-17T12:17:54+00:00","mainEntityOfPage":{"@id":"https:\/\/kukkonia.sk\/umelecka-zahrada-v-zlatej-zahrade-toto-je-kukkonia-art-garden\/"},"wordCount":827,"commentCount":0,"publisher":{"@id":"https:\/\/kukkonia.sk\/#organization"},"image":{"@id":"https:\/\/kukkonia.sk\/umelecka-zahrada-v-zlatej-zahrade-toto-je-kukkonia-art-garden\/#primaryimage"},"thumbnailUrl":"https:\/\/kukkonia.sk\/wp-content\/uploads\/2025\/10\/kag_nap_97_1.jpg","articleSection":["Kukkonia Art Garden","Kult\u00fara"],"inLanguage":"hu","potentialAction":[{"@type":"CommentAction","name":"Comment","target":["https:\/\/kukkonia.sk\/umelecka-zahrada-v-zlatej-zahrade-toto-je-kukkonia-art-garden\/#respond"]}]},{"@type":"WebPage","@id":"https:\/\/kukkonia.sk\/umelecka-zahrada-v-zlatej-zahrade-toto-je-kukkonia-art-garden\/","url":"https:\/\/kukkonia.sk\/umelecka-zahrada-v-zlatej-zahrade-toto-je-kukkonia-art-garden\/","name":"Umeleck\u00e1 z\u00e1hrada Kukkonia Art Garden | Kukkonia","isPartOf":{"@id":"https:\/\/kukkonia.sk\/#website"},"primaryImageOfPage":{"@id":"https:\/\/kukkonia.sk\/umelecka-zahrada-v-zlatej-zahrade-toto-je-kukkonia-art-garden\/#primaryimage"},"image":{"@id":"https:\/\/kukkonia.sk\/umelecka-zahrada-v-zlatej-zahrade-toto-je-kukkonia-art-garden\/#primaryimage"},"thumbnailUrl":"https:\/\/kukkonia.sk\/wp-content\/uploads\/2025\/10\/kag_nap_97_1.jpg","datePublished":"2025-10-17T12:17:54+00:00","description":"Takmer sto \u017eiakov a \u0161tudentov sa zapojilo do Kukkonia Art Garden, talentovej s\u00fa\u0165a\u017ee, ktor\u00e1 mlad\u00fdm tvorcom priniesla v\u00fdstavu aj stretnutie s mentormi.","breadcrumb":{"@id":"https:\/\/kukkonia.sk\/umelecka-zahrada-v-zlatej-zahrade-toto-je-kukkonia-art-garden\/#breadcrumb"},"inLanguage":"hu","potentialAction":[{"@type":"ReadAction","target":["https:\/\/kukkonia.sk\/umelecka-zahrada-v-zlatej-zahrade-toto-je-kukkonia-art-garden\/"]}]},{"@type":"ImageObject","inLanguage":"hu","@id":"https:\/\/kukkonia.sk\/umelecka-zahrada-v-zlatej-zahrade-toto-je-kukkonia-art-garden\/#primaryimage","url":"https:\/\/kukkonia.sk\/wp-content\/uploads\/2025\/10\/kag_nap_97_1.jpg","contentUrl":"https:\/\/kukkonia.sk\/wp-content\/uploads\/2025\/10\/kag_nap_97_1.jpg","width":1920,"height":920},{"@type":"BreadcrumbList","@id":"https:\/\/kukkonia.sk\/umelecka-zahrada-v-zlatej-zahrade-toto-je-kukkonia-art-garden\/#breadcrumb","itemListElement":[{"@type":"ListItem","position":1,"name":"Domov","item":"https:\/\/kukkonia.sk\/"},{"@type":"ListItem","position":2,"name":"Umeleck\u00e1 z\u00e1hrada v zlatej z\u00e1hrade \u2013 toto je kukkonia art garden"}]},{"@type":"WebSite","@id":"https:\/\/kukkonia.sk\/#website","url":"https:\/\/kukkonia.sk\/","name":"Kukkonia","description":"","publisher":{"@id":"https:\/\/kukkonia.sk\/#organization"},"alternateName":"Kukkonia.sk","potentialAction":[{"@type":"SearchAction","target":{"@type":"EntryPoint","urlTemplate":"https:\/\/kukkonia.sk\/?s={search_term_string}"},"query-input":{"@type":"PropertyValueSpecification","valueRequired":true,"valueName":"search_term_string"}}],"inLanguage":"hu"},{"@type":"Organization","@id":"https:\/\/kukkonia.sk\/#organization","name":"Kukkonia","url":"https:\/\/kukkonia.sk\/","logo":{"@type":"ImageObject","inLanguage":"hu","@id":"https:\/\/kukkonia.sk\/#\/schema\/logo\/image\/","url":"https:\/\/kukkonia.sk\/wp-content\/uploads\/2025\/09\/kukkonia-logobgr.svg","contentUrl":"https:\/\/kukkonia.sk\/wp-content\/uploads\/2025\/09\/kukkonia-logobgr.svg","caption":"Kukkonia"},"image":{"@id":"https:\/\/kukkonia.sk\/#\/schema\/logo\/image\/"},"sameAs":["https:\/\/www.facebook.com\/kukkonia.sk\/","https:\/\/www.instagram.com\/kukkonia\/"]},{"@type":"Person","@id":"https:\/\/kukkonia.sk\/#\/schema\/person\/a85619faa9a5847fc89d211c0ba15fa5","name":"Kukk0n1adm1n","image":{"@type":"ImageObject","inLanguage":"hu","@id":"https:\/\/secure.gravatar.com\/avatar\/66d75025c60e20f3d1ff9e27481a2fa8fafb25f366b5bb28abf8bc4654ca980f?s=96&d=mm&r=g","url":"https:\/\/secure.gravatar.com\/avatar\/66d75025c60e20f3d1ff9e27481a2fa8fafb25f366b5bb28abf8bc4654ca980f?s=96&d=mm&r=g","contentUrl":"https:\/\/secure.gravatar.com\/avatar\/66d75025c60e20f3d1ff9e27481a2fa8fafb25f366b5bb28abf8bc4654ca980f?s=96&d=mm&r=g","caption":"Kukk0n1adm1n"},"sameAs":["https:\/\/kukkonia.sk"]}]}},"_links":{"self":[{"href":"https:\/\/kukkonia.sk\/hu\/wp-json\/wp\/v2\/posts\/853","targetHints":{"allow":["GET"]}}],"collection":[{"href":"https:\/\/kukkonia.sk\/hu\/wp-json\/wp\/v2\/posts"}],"about":[{"href":"https:\/\/kukkonia.sk\/hu\/wp-json\/wp\/v2\/types\/post"}],"author":[{"embeddable":true,"href":"https:\/\/kukkonia.sk\/hu\/wp-json\/wp\/v2\/users\/1"}],"replies":[{"embeddable":true,"href":"https:\/\/kukkonia.sk\/hu\/wp-json\/wp\/v2\/comments?post=853"}],"version-history":[{"count":1,"href":"https:\/\/kukkonia.sk\/hu\/wp-json\/wp\/v2\/posts\/853\/revisions"}],"predecessor-version":[{"id":855,"href":"https:\/\/kukkonia.sk\/hu\/wp-json\/wp\/v2\/posts\/853\/revisions\/855"}],"wp:featuredmedia":[{"embeddable":true,"href":"https:\/\/kukkonia.sk\/hu\/wp-json\/wp\/v2\/media\/854"}],"wp:attachment":[{"href":"https:\/\/kukkonia.sk\/hu\/wp-json\/wp\/v2\/media?parent=853"}],"wp:term":[{"taxonomy":"category","embeddable":true,"href":"https:\/\/kukkonia.sk\/hu\/wp-json\/wp\/v2\/categories?post=853"},{"taxonomy":"post_tag","embeddable":true,"href":"https:\/\/kukkonia.sk\/hu\/wp-json\/wp\/v2\/tags?post=853"}],"curies":[{"name":"wp","href":"https:\/\/api.w.org\/{rel}","templated":true}]}}