{"id":3632,"date":"2025-12-09T09:26:08","date_gmt":"2025-12-09T08:26:08","guid":{"rendered":"https:\/\/kukkonia.sk\/?p=3632"},"modified":"2025-12-09T09:26:53","modified_gmt":"2025-12-09T08:26:53","slug":"kukkonia-advent-a-dobrocinne-trhy-na-sviatok-svatej-lucie","status":"publish","type":"post","link":"https:\/\/kukkonia.sk\/hu\/kukkonia-advent-a-dobrocinne-trhy-na-sviatok-svatej-lucie\/","title":{"rendered":"Kukkonia Advent \u00e9s j\u00f3t\u00e9konys\u00e1gi v\u00e1s\u00e1r Luca napj\u00e1n"},"content":{"rendered":"<p class=\"wp-block-paragraph\"><strong>Id\u00e9n is k\u00fcl\u00f6nleges adventi hangulat t\u00f6lti majd meg a Csall\u00f3k\u00f6zi M\u00fazeum udvar\u00e1t \u00e9s ki\u00e1ll\u00edt\u00f3termeit, ahol a Kukkonia polg\u00e1ri t\u00e1rsul\u00e1s, a Csall\u00f3k\u00f6z Ter\u00fcleti Idegenforgalmi Sz\u00f6vets\u00e9g \u00e9s a Csall\u00f3k\u00f6zi M\u00fazeum k\u00f6z\u00f6sen szervezi meg a Kukkonia Adventet \u00e9s a j\u00f3t\u00e9konys\u00e1gi v\u00e1s\u00e1rt. A rendezv\u00e9ny c\u00e9lja tov\u00e1bbra is az, hogy felh\u00edvja a figyelmet a kult\u00fara, a vizu\u00e1lis m\u0171v\u00e9szet \u00e9s a k\u00f6z\u00f6ss\u00e9gek t\u00e1mogat\u00e1s\u00e1nak fontoss\u00e1g\u00e1ra, valamint hogy a helyi iskol\u00e1kat seg\u00edts\u00fck \u2014 id\u00e9n a Jilemnick\u00fd Alapiskol\u00e1t, a Kod\u00e1ly Zolt\u00e1n Alapiskol\u00e1t \u00e9s az Egyes\u00edtett Iskol\u00e1t (speci\u00e1lis alapiskola, \u00f3voda \u00e9s k\u00e9szs\u00e9gfejleszt\u0151 iskola) t\u00e1mogatjuk majd.<\/strong><\/p>\n\n\n\n<p class=\"wp-block-paragraph\">A Kukkonia polg\u00e1ri t\u00e1rsul\u00e1s imm\u00e1r t\u00f6bb mint egy \u00e9vtizede dolgozik azon, hogy a r\u00e9gi\u00f3 kultur\u00e1lis \u00e9let\u00e9t gazdag\u00edtsa, er\u0151s\u00edtse a k\u00f6z\u00f6ss\u00e9geket, \u00e9s teret adjon a tehets\u00e9gek kibontakoz\u00e1s\u00e1nak. Az idei adventi nap is ezt a k\u00fcldet\u00e9st fogja tov\u00e1bb er\u0151s\u00edteni.<\/p>\n\n\n\n<p class=\"wp-block-paragraph\">A tavalyi nagy siker\u0171 Adventi j\u00f3t\u00e9konys\u00e1gi v\u00e1s\u00e1r aftervide\u00f3ja:<\/p>\n\n\n\n<figure class=\"wp-block-embed is-type-video is-provider-youtube wp-block-embed-youtube wp-embed-aspect-16-9 wp-has-aspect-ratio\"><div class=\"wp-block-embed__wrapper\">\n<iframe loading=\"lazy\" title=\"Kukkonia Advent \u00e9s kar\u00e1csonyv\u00e1r\u00f3 babv\u00e1s\u00e1r 2024\" width=\"500\" height=\"281\" src=\"https:\/\/www.youtube.com\/embed\/51cm9Q7zRvM?feature=oembed\" frameborder=\"0\" allow=\"accelerometer; autoplay; clipboard-write; encrypted-media; gyroscope; picture-in-picture; web-share\" referrerpolicy=\"strict-origin-when-cross-origin\" allowfullscreen><\/iframe>\n<\/div><\/figure>\n\n\n\n<h3 class=\"wp-block-heading\">A d\u00e9lel\u0151tt a kisgyermekes csal\u00e1dok\u00e9 lesz<\/h3>\n\n\n\n<p class=\"wp-block-paragraph\">A program 10 \u00f3rakor kezd\u0151dik a kar\u00e1csonyi Ringat\u00f3 gyermekkoncerttel. A k\u00f6z\u00f6s \u00e9nekl\u00e9st K\u00e1lm\u00e1n Alica, Ga\u00e1l Z\u00f6ld \u00c1gnes \u00e9s Kecsk\u00e9s M\u00e1rta vezetik majd, \u00e9s ahogy tavaly is, most is igazi csal\u00e1di \u00e9lm\u00e9nyt \u00edg\u00e9r a k\u00f6z\u00f6s kar\u00e1csonyi dalol\u00e1s.<\/p>\n\n\n\n<p class=\"wp-block-paragraph\"><strong>D\u00e9lut\u00e1n: koncertek, el\u0151ad\u00e1s \u00e9s k\u00e9zm\u0171ves \u00e9lm\u00e9nyek:<\/strong><\/p>\n\n\n\n<p class=\"wp-block-paragraph\">\u00e9l kett\u0151kor kezd\u0151dik a a Jilemnick\u00fd Alapiskola, az Egyes\u00edtett Iskola, a Kod\u00e1ly Zolt\u00e1n Alapiskola di\u00e1kjainak adventi m\u0171sora. Ezt k\u00f6vet\u0151en f\u00e9l h\u00e1romt\u00f3l \u00fcnnepi m\u0171sort adnak a Dunaszerdahelyi M\u0171v\u00e9szeti Alapiskola n\u00f6vend\u00e9kei, valamint az \u00c1gacska t\u00e1ncegy\u00fcttes. \u0150ket k\u00f6veti Nagy Iv\u00e1n Luca-napi szok\u00e1sokat bemutat\u00f3 el\u0151ad\u00e1sa, amely seg\u00edt k\u00f6zelebb hozni a r\u00e9gi n\u00e9pi hagyom\u00e1nyokat a mai csal\u00e1dok sz\u00e1m\u00e1ra is. A kicsik \u00e9s nagyok 16:30-t\u00f3l k\u00e9zm\u0171ves foglalkoz\u00e1sokon vehetnek r\u00e9szt, ahol t\u00f6bbf\u00e9le kar\u00e1csonyi d\u00edsz \u00e9s apr\u00f3s\u00e1g k\u00e9sz\u00edt\u00e9s\u00e9t pr\u00f3b\u00e1lhatj\u00e1k ki. A m\u00fazeum pedig 17 \u00f3r\u00e1t\u00f3l vezetett l\u00e1togat\u00e1sra v\u00e1rja az \u00e9rdekl\u0151d\u0151ket.<\/p>\n\n\n\n<p class=\"wp-block-paragraph\">M\u00fazeum navy\u0161e od 17:00 pon\u00fakne organizovan\u00fa prehliadku pre v\u0161etk\u00fdch z\u00e1ujemcov.&nbsp;<strong>Dobro\u010dinn\u00e9 trhy&nbsp;\u2013 sila spolo\u010dn\u00e9ho \u00fasilia<\/strong><\/p>\n\n\n\n<p class=\"wp-block-paragraph\">J\u00f3t\u00e9konys\u00e1gi v\u00e1s\u00e1r \u2013 k\u00f6z\u00f6ss\u00e9gek \u00f6sszefog\u00e1sa\nAz adventi j\u00f3t\u00e9konys\u00e1gi v\u00e1s\u00e1r 14:30-t\u00f3l eg\u00e9szen estig nyitva lesz a m\u00fazeum udvar\u00e1n. A h\u00e1rom t\u00e1mogatott dunaszerdahelyi iskola pedag\u00f3gusai, sz\u00fcl\u0151i k\u00f6z\u00f6ss\u00e9gei \u00e9s seg\u00edt\u0151i szeretettel k\u00e9sz\u00fclnek h\u00e1zi s\u00fctem\u00e9nyekkel, finoms\u00e1gokkal, meleg italokkal \u00e9s k\u00e9zm\u0171ves aj\u00e1nd\u00e9kokkal. A bev\u00e9telb\u0151l a helyi di\u00e1kok fejl\u0151d\u00e9s\u00e9t t\u00e1mogatjuk majd, k\u00fcl\u00f6n\u00f6sen a speci\u00e1lis nevel\u00e9si ig\u00e9ny\u0171 gyerekek\u00e9t.<\/p>\n\n\n\n<h3 class=\"wp-block-heading\"><strong>Zene, f\u00e9nyek \u00e9s \u00fcnnepi hangulat napnyugt\u00e1t\u00f3l<\/strong><\/h3>\n\n\n\n<p class=\"wp-block-paragraph\"><strong>A Csall\u00f3k\u00f6zi M\u00fazeum ki\u00e1ll\u00edt\u00e1si csarnok\u00e1ban:<\/strong><\/p>\n\n\n\n<p class=\"wp-block-paragraph\">10:00 \u2013 11:00 Kar\u00e1csonyi Ringat\u00f3 Gyermekkoncert a kisgyermekes csal\u00e1dok sz\u00e1m\u00e1ra K\u00e1lm\u00e1n Alic\u00e1val, Ga\u00e1l Z\u00f6ld \u00c1gnessel \u00e9s Kecsk\u00e9s M\u00e1rt\u00e1val<br>13.30 \u2013 14.30 a Jilemnick\u00fd Alapiskola, az Egyes\u00edtett Iskola, a Kod\u00e1ly Zolt\u00e1n Alapiskola di\u00e1kjainak adventi m\u0171sora<br>14:30 \u2013 15:30 Kar\u00e1csonyv\u00e1r\u00f3 koncert: a Dunaszerdahelyi M\u0171v\u00e9szeti Alapiskola \u00e9s az \u00c1gacska t\u00e1ncegy\u00fcttes fell\u00e9p\u00e9se<br>15:45 \u2013 16:10 Luca napi n\u00e9pszok\u00e1sok \u2013 Nagy Iv\u00e1n el\u0151ad\u00e1sa<br>16:30 \u2013 19:00 K\u00e9zm\u0171ves foglalkoz\u00e1sok<br>17:00 \u2013 18:00 M\u00fazeuml\u00e1togat\u00e1s az \u00e9rdekl\u0151d\u0151k sz\u00e1m\u00e1ra<\/p>\n\n\n\n<p class=\"wp-block-paragraph\"><strong>A Csall\u00f3k\u00f6zi M\u00fazeum udvar\u00e1n:<\/strong><\/p>\n\n\n\n<p class=\"wp-block-paragraph\"><br>14:30 \u2013 19:00 Adventi j\u00f3t\u00e9konys\u00e1gi v\u00e1s\u00e1r: a dunaszerdahelyi alap-\u00e9s speci\u00e1lis iskol\u00e1k t\u00e1mogat\u00e1sa<br>(adventi s\u00fctiv\u00e1s\u00e1r, \u00e9tel, ital \u00e9s kar\u00e1csonyi meglepet\u00e9sek)<br>15:30 \u2013 15:40 Csall\u00f3k\u00f6zk\u00fcrti Betlehemez\u0151k \u2013 Csall\u00f3k\u00f6zi Betlehemes J\u00e1t\u00e9k<br>16:00 \u2013 16:45 Maja \u00e9s Fec\u00f3 Var\u00e1zslatos kar\u00e1csony c. \u00fcnnepi koncertje<br>16:00 \u2013 19:00 Adventi f\u00e9nyfest\u00e9s a Csall\u00f3k\u00f6zi M\u00fazeum falain Sz\u0171cs G\u00e1bor vizu\u00e1lmesterrel<br>17.30 \u2013 18.30 Korp\u00e1s \u00c9va \u00e9s zenekara \u2013 Betlehem a v\u00e1rosban c. koncertje<\/p>\n\n\n\n<p class=\"wp-block-paragraph\">A d\u00e9lut\u00e1n folyam\u00e1n az \u00fcnnepi atmoszf\u00e9r\u00e1r\u00f3l Kov\u00e1cs \u00c1kos (Vinnie Lonely, NFG) gondoskodik, aki zenei v\u00e1logat\u00e1s\u00e1val seg\u00edt m\u00e9g m\u00e9lyebben \u00e1t\u00e9lni az advent var\u00e1zs\u00e1t. T\u00f6lts\u00fck egy\u00fctt Luca napj\u00e1t \u2014 \u00f6r\u00f6mben, szeretetben \u00e9s m\u00e9ly k\u00f6z\u00f6ss\u00e9gi \u00e9lm\u00e9nyekben! Mindenkit szeretettel v\u00e1runk 2025. december 13-\u00e1n a Csall\u00f3k\u00f6zi M\u00fazeumba, hogy egy\u00fctt k\u00e9sz\u00fclj\u00fcnk a kar\u00e1csonyra.<\/p>\n\n\n\n<p class=\"wp-block-paragraph\">A rendezv\u00e9ny a Szlov\u00e1k K\u00f6zt\u00e1rsas\u00e1g Idegenforgalmi \u00e9s Sportminuszt\u00e9rium\u00e1nak t\u00e1mogat\u00e1s\u00e1val j\u00f6n l\u00e9tre.<\/p>\n\n\n\n<figure class=\"wp-block-gallery has-nested-images columns-default is-cropped wp-block-gallery-1 is-layout-flex wp-block-gallery-is-layout-flex\">\n<figure class=\"wp-block-image size-large\"><img loading=\"lazy\" decoding=\"async\" width=\"1024\" height=\"683\" data-id=\"3634\" src=\"https:\/\/kukkonia.sk\/wp-content\/uploads\/2025\/12\/087_cun_0708_20241215_csefalvay_1-1024x683.webp\" alt=\"\" class=\"wp-image-3634\" srcset=\"https:\/\/kukkonia.sk\/wp-content\/uploads\/2025\/12\/087_cun_0708_20241215_csefalvay_1-1024x683.webp 1024w, https:\/\/kukkonia.sk\/wp-content\/uploads\/2025\/12\/087_cun_0708_20241215_csefalvay_1-300x200.webp 300w, https:\/\/kukkonia.sk\/wp-content\/uploads\/2025\/12\/087_cun_0708_20241215_csefalvay_1-768x512.webp 768w, https:\/\/kukkonia.sk\/wp-content\/uploads\/2025\/12\/087_cun_0708_20241215_csefalvay_1-1536x1024.webp 1536w, https:\/\/kukkonia.sk\/wp-content\/uploads\/2025\/12\/087_cun_0708_20241215_csefalvay_1-18x12.webp 18w, https:\/\/kukkonia.sk\/wp-content\/uploads\/2025\/12\/087_cun_0708_20241215_csefalvay_1.webp 1620w\" sizes=\"auto, (max-width: 1024px) 100vw, 1024px\" \/><\/figure>\n<\/figure>","protected":false},"excerpt":{"rendered":"<p>Aj tento rok napln\u00ed n\u00e1dvorie a v\u00fdstavn\u00e9 priestory \u017ditnoostrovsk\u00e9ho m\u00fazea v\u00fdnimo\u010dn\u00e1 adventn\u00e1 atmosf\u00e9ra. Ob\u010dianske zdru\u017eenie Kukkonia spolu s Oblastnou organiz\u00e1ciou cestovn\u00e9ho ruchu \u017ditn\u00fd ostrov a so \u017ditnoostrovsk\u00fdm m\u00fazeom op\u00e4\u0165 pripravuj\u00fa podujatie Kukkonia Advent spojen\u00e9 s dobro\u010dinn\u00fdm trhom. Cie\u013eom podujatia bude, rovnako ako v minulosti, upriami\u0165 pozornos\u0165 na d\u00f4le\u017eitos\u0165 kult\u00fary, vizu\u00e1lneho umenia a podpory miestnych komun\u00edt, [&hellip;]<\/p>\n","protected":false},"author":1,"featured_media":3635,"comment_status":"open","ping_status":"open","sticky":false,"template":"","format":"standard","meta":{"_acf_changed":false,"footnotes":""},"categories":[2],"tags":[],"class_list":["post-3632","post","type-post","status-publish","format-standard","has-post-thumbnail","hentry","category-kultura"],"acf":[],"yoast_head":"<!-- This site is optimized with the Yoast SEO plugin v28.3 - https:\/\/yoast.com\/product\/yoast-seo-wordpress\/ -->\n<title>Kukkonia Advent a dobro\u010dinn\u00e9 trhy | Kukkonia<\/title>\n<meta name=\"description\" content=\"Kukkonia Advent na sviatok sv\u00e4tej Lucie priniesol dobro\u010dinn\u00e9 trhy, sviato\u010dn\u00fa atmosf\u00e9ru a stretnutie \u013eud\u00ed, ktor\u00ed podporuj\u00fa regi\u00f3n v adventnom \u010dase.\" \/>\n<meta name=\"robots\" content=\"index, follow, max-snippet:-1, max-image-preview:large, max-video-preview:-1\" \/>\n<link rel=\"canonical\" href=\"https:\/\/kukkonia.sk\/hu\/kukkonia-advent-a-dobrocinne-trhy-na-sviatok-svatej-lucie\/\" \/>\n<meta property=\"og:locale\" content=\"hu_HU\" \/>\n<meta property=\"og:type\" content=\"article\" \/>\n<meta property=\"og:title\" content=\"Kukkonia Advent a dobro\u010dinn\u00e9 trhy | Kukkonia\" \/>\n<meta property=\"og:description\" content=\"Kukkonia Advent na sviatok sv\u00e4tej Lucie priniesol dobro\u010dinn\u00e9 trhy, sviato\u010dn\u00fa atmosf\u00e9ru a stretnutie \u013eud\u00ed, ktor\u00ed podporuj\u00fa regi\u00f3n v adventnom \u010dase.\" \/>\n<meta property=\"og:url\" content=\"https:\/\/kukkonia.sk\/hu\/kukkonia-advent-a-dobrocinne-trhy-na-sviatok-svatej-lucie\/\" \/>\n<meta property=\"og:site_name\" content=\"Kukkonia\" \/>\n<meta property=\"article:publisher\" content=\"https:\/\/www.facebook.com\/kukkonia.sk\/\" \/>\n<meta property=\"article:published_time\" content=\"2025-12-09T08:26:08+00:00\" \/>\n<meta property=\"article:modified_time\" content=\"2025-12-09T08:26:53+00:00\" \/>\n<meta property=\"og:image\" content=\"https:\/\/kukkonia.sk\/wp-content\/uploads\/2025\/12\/download.webp\" \/>\n\t<meta property=\"og:image:width\" content=\"1920\" \/>\n\t<meta property=\"og:image:height\" content=\"920\" \/>\n\t<meta property=\"og:image:type\" content=\"image\/webp\" \/>\n<meta name=\"author\" content=\"Kukk0n1adm1n\" \/>\n<meta name=\"twitter:card\" content=\"summary_large_image\" \/>\n<meta name=\"twitter:label1\" content=\"Szerz\u0151:\" \/>\n\t<meta name=\"twitter:data1\" content=\"Kukk0n1adm1n\" \/>\n\t<meta name=\"twitter:label2\" content=\"Becs\u00fclt olvas\u00e1si id\u0151\" \/>\n\t<meta name=\"twitter:data2\" content=\"3 perc\" \/>\n<script type=\"application\/ld+json\" class=\"yoast-schema-graph\">{\"@context\":\"https:\\\/\\\/schema.org\",\"@graph\":[{\"@type\":\"Article\",\"@id\":\"https:\\\/\\\/kukkonia.sk\\\/kukkonia-advent-a-dobrocinne-trhy-na-sviatok-svatej-lucie\\\/#article\",\"isPartOf\":{\"@id\":\"https:\\\/\\\/kukkonia.sk\\\/kukkonia-advent-a-dobrocinne-trhy-na-sviatok-svatej-lucie\\\/\"},\"author\":{\"name\":\"Kukk0n1adm1n\",\"@id\":\"https:\\\/\\\/kukkonia.sk\\\/#\\\/schema\\\/person\\\/a85619faa9a5847fc89d211c0ba15fa5\"},\"headline\":\"Kukkonia Advent a dobro\u010dinne trhy na sviatok sv\u00e4tej Lucie\",\"datePublished\":\"2025-12-09T08:26:08+00:00\",\"dateModified\":\"2025-12-09T08:26:53+00:00\",\"mainEntityOfPage\":{\"@id\":\"https:\\\/\\\/kukkonia.sk\\\/kukkonia-advent-a-dobrocinne-trhy-na-sviatok-svatej-lucie\\\/\"},\"wordCount\":688,\"commentCount\":0,\"publisher\":{\"@id\":\"https:\\\/\\\/kukkonia.sk\\\/#organization\"},\"image\":{\"@id\":\"https:\\\/\\\/kukkonia.sk\\\/kukkonia-advent-a-dobrocinne-trhy-na-sviatok-svatej-lucie\\\/#primaryimage\"},\"thumbnailUrl\":\"https:\\\/\\\/kukkonia.sk\\\/wp-content\\\/uploads\\\/2025\\\/12\\\/download.webp\",\"articleSection\":[\"Kult\u00fara\"],\"inLanguage\":\"hu\",\"potentialAction\":[{\"@type\":\"CommentAction\",\"name\":\"Comment\",\"target\":[\"https:\\\/\\\/kukkonia.sk\\\/kukkonia-advent-a-dobrocinne-trhy-na-sviatok-svatej-lucie\\\/#respond\"]}]},{\"@type\":\"WebPage\",\"@id\":\"https:\\\/\\\/kukkonia.sk\\\/kukkonia-advent-a-dobrocinne-trhy-na-sviatok-svatej-lucie\\\/\",\"url\":\"https:\\\/\\\/kukkonia.sk\\\/kukkonia-advent-a-dobrocinne-trhy-na-sviatok-svatej-lucie\\\/\",\"name\":\"Kukkonia Advent a dobro\u010dinn\u00e9 trhy | Kukkonia\",\"isPartOf\":{\"@id\":\"https:\\\/\\\/kukkonia.sk\\\/#website\"},\"primaryImageOfPage\":{\"@id\":\"https:\\\/\\\/kukkonia.sk\\\/kukkonia-advent-a-dobrocinne-trhy-na-sviatok-svatej-lucie\\\/#primaryimage\"},\"image\":{\"@id\":\"https:\\\/\\\/kukkonia.sk\\\/kukkonia-advent-a-dobrocinne-trhy-na-sviatok-svatej-lucie\\\/#primaryimage\"},\"thumbnailUrl\":\"https:\\\/\\\/kukkonia.sk\\\/wp-content\\\/uploads\\\/2025\\\/12\\\/download.webp\",\"datePublished\":\"2025-12-09T08:26:08+00:00\",\"dateModified\":\"2025-12-09T08:26:53+00:00\",\"description\":\"Kukkonia Advent na sviatok sv\u00e4tej Lucie priniesol dobro\u010dinn\u00e9 trhy, sviato\u010dn\u00fa atmosf\u00e9ru a stretnutie \u013eud\u00ed, ktor\u00ed podporuj\u00fa regi\u00f3n v adventnom \u010dase.\",\"breadcrumb\":{\"@id\":\"https:\\\/\\\/kukkonia.sk\\\/kukkonia-advent-a-dobrocinne-trhy-na-sviatok-svatej-lucie\\\/#breadcrumb\"},\"inLanguage\":\"hu\",\"potentialAction\":[{\"@type\":\"ReadAction\",\"target\":[\"https:\\\/\\\/kukkonia.sk\\\/kukkonia-advent-a-dobrocinne-trhy-na-sviatok-svatej-lucie\\\/\"]}]},{\"@type\":\"ImageObject\",\"inLanguage\":\"hu\",\"@id\":\"https:\\\/\\\/kukkonia.sk\\\/kukkonia-advent-a-dobrocinne-trhy-na-sviatok-svatej-lucie\\\/#primaryimage\",\"url\":\"https:\\\/\\\/kukkonia.sk\\\/wp-content\\\/uploads\\\/2025\\\/12\\\/download.webp\",\"contentUrl\":\"https:\\\/\\\/kukkonia.sk\\\/wp-content\\\/uploads\\\/2025\\\/12\\\/download.webp\",\"width\":1920,\"height\":920},{\"@type\":\"BreadcrumbList\",\"@id\":\"https:\\\/\\\/kukkonia.sk\\\/kukkonia-advent-a-dobrocinne-trhy-na-sviatok-svatej-lucie\\\/#breadcrumb\",\"itemListElement\":[{\"@type\":\"ListItem\",\"position\":1,\"name\":\"Domov\",\"item\":\"https:\\\/\\\/kukkonia.sk\\\/\"},{\"@type\":\"ListItem\",\"position\":2,\"name\":\"Kukkonia Advent a dobro\u010dinne trhy na sviatok sv\u00e4tej Lucie\"}]},{\"@type\":\"WebSite\",\"@id\":\"https:\\\/\\\/kukkonia.sk\\\/#website\",\"url\":\"https:\\\/\\\/kukkonia.sk\\\/\",\"name\":\"Kukkonia\",\"description\":\"\",\"publisher\":{\"@id\":\"https:\\\/\\\/kukkonia.sk\\\/#organization\"},\"alternateName\":\"Kukkonia.sk\",\"potentialAction\":[{\"@type\":\"SearchAction\",\"target\":{\"@type\":\"EntryPoint\",\"urlTemplate\":\"https:\\\/\\\/kukkonia.sk\\\/?s={search_term_string}\"},\"query-input\":{\"@type\":\"PropertyValueSpecification\",\"valueRequired\":true,\"valueName\":\"search_term_string\"}}],\"inLanguage\":\"hu\"},{\"@type\":\"Organization\",\"@id\":\"https:\\\/\\\/kukkonia.sk\\\/#organization\",\"name\":\"Kukkonia\",\"url\":\"https:\\\/\\\/kukkonia.sk\\\/\",\"logo\":{\"@type\":\"ImageObject\",\"inLanguage\":\"hu\",\"@id\":\"https:\\\/\\\/kukkonia.sk\\\/#\\\/schema\\\/logo\\\/image\\\/\",\"url\":\"https:\\\/\\\/kukkonia.sk\\\/wp-content\\\/uploads\\\/2025\\\/09\\\/kukkonia-logobgr.svg\",\"contentUrl\":\"https:\\\/\\\/kukkonia.sk\\\/wp-content\\\/uploads\\\/2025\\\/09\\\/kukkonia-logobgr.svg\",\"caption\":\"Kukkonia\"},\"image\":{\"@id\":\"https:\\\/\\\/kukkonia.sk\\\/#\\\/schema\\\/logo\\\/image\\\/\"},\"sameAs\":[\"https:\\\/\\\/www.facebook.com\\\/kukkonia.sk\\\/\",\"https:\\\/\\\/www.instagram.com\\\/kukkonia\\\/\"]},{\"@type\":\"Person\",\"@id\":\"https:\\\/\\\/kukkonia.sk\\\/#\\\/schema\\\/person\\\/a85619faa9a5847fc89d211c0ba15fa5\",\"name\":\"Kukk0n1adm1n\",\"image\":{\"@type\":\"ImageObject\",\"inLanguage\":\"hu\",\"@id\":\"https:\\\/\\\/secure.gravatar.com\\\/avatar\\\/66d75025c60e20f3d1ff9e27481a2fa8fafb25f366b5bb28abf8bc4654ca980f?s=96&d=mm&r=g\",\"url\":\"https:\\\/\\\/secure.gravatar.com\\\/avatar\\\/66d75025c60e20f3d1ff9e27481a2fa8fafb25f366b5bb28abf8bc4654ca980f?s=96&d=mm&r=g\",\"contentUrl\":\"https:\\\/\\\/secure.gravatar.com\\\/avatar\\\/66d75025c60e20f3d1ff9e27481a2fa8fafb25f366b5bb28abf8bc4654ca980f?s=96&d=mm&r=g\",\"caption\":\"Kukk0n1adm1n\"},\"sameAs\":[\"https:\\\/\\\/kukkonia.sk\"]}]}<\/script>\n<!-- \/ Yoast SEO plugin. -->","yoast_head_json":{"title":"Kukkonia Advent a dobro\u010dinn\u00e9 trhy | Kukkonia","description":"Kukkonia Advent na sviatok sv\u00e4tej Lucie priniesol dobro\u010dinn\u00e9 trhy, sviato\u010dn\u00fa atmosf\u00e9ru a stretnutie \u013eud\u00ed, ktor\u00ed podporuj\u00fa regi\u00f3n v adventnom \u010dase.","robots":{"index":"index","follow":"follow","max-snippet":"max-snippet:-1","max-image-preview":"max-image-preview:large","max-video-preview":"max-video-preview:-1"},"canonical":"https:\/\/kukkonia.sk\/hu\/kukkonia-advent-a-dobrocinne-trhy-na-sviatok-svatej-lucie\/","og_locale":"hu_HU","og_type":"article","og_title":"Kukkonia Advent a dobro\u010dinn\u00e9 trhy | Kukkonia","og_description":"Kukkonia Advent na sviatok sv\u00e4tej Lucie priniesol dobro\u010dinn\u00e9 trhy, sviato\u010dn\u00fa atmosf\u00e9ru a stretnutie \u013eud\u00ed, ktor\u00ed podporuj\u00fa regi\u00f3n v adventnom \u010dase.","og_url":"https:\/\/kukkonia.sk\/hu\/kukkonia-advent-a-dobrocinne-trhy-na-sviatok-svatej-lucie\/","og_site_name":"Kukkonia","article_publisher":"https:\/\/www.facebook.com\/kukkonia.sk\/","article_published_time":"2025-12-09T08:26:08+00:00","article_modified_time":"2025-12-09T08:26:53+00:00","og_image":[{"width":1920,"height":920,"url":"https:\/\/kukkonia.sk\/wp-content\/uploads\/2025\/12\/download.webp","type":"image\/webp"}],"author":"Kukk0n1adm1n","twitter_card":"summary_large_image","twitter_misc":{"Szerz\u0151:":"Kukk0n1adm1n","Becs\u00fclt olvas\u00e1si id\u0151":"3 perc"},"schema":{"@context":"https:\/\/schema.org","@graph":[{"@type":"Article","@id":"https:\/\/kukkonia.sk\/kukkonia-advent-a-dobrocinne-trhy-na-sviatok-svatej-lucie\/#article","isPartOf":{"@id":"https:\/\/kukkonia.sk\/kukkonia-advent-a-dobrocinne-trhy-na-sviatok-svatej-lucie\/"},"author":{"name":"Kukk0n1adm1n","@id":"https:\/\/kukkonia.sk\/#\/schema\/person\/a85619faa9a5847fc89d211c0ba15fa5"},"headline":"Kukkonia Advent a dobro\u010dinne trhy na sviatok sv\u00e4tej Lucie","datePublished":"2025-12-09T08:26:08+00:00","dateModified":"2025-12-09T08:26:53+00:00","mainEntityOfPage":{"@id":"https:\/\/kukkonia.sk\/kukkonia-advent-a-dobrocinne-trhy-na-sviatok-svatej-lucie\/"},"wordCount":688,"commentCount":0,"publisher":{"@id":"https:\/\/kukkonia.sk\/#organization"},"image":{"@id":"https:\/\/kukkonia.sk\/kukkonia-advent-a-dobrocinne-trhy-na-sviatok-svatej-lucie\/#primaryimage"},"thumbnailUrl":"https:\/\/kukkonia.sk\/wp-content\/uploads\/2025\/12\/download.webp","articleSection":["Kult\u00fara"],"inLanguage":"hu","potentialAction":[{"@type":"CommentAction","name":"Comment","target":["https:\/\/kukkonia.sk\/kukkonia-advent-a-dobrocinne-trhy-na-sviatok-svatej-lucie\/#respond"]}]},{"@type":"WebPage","@id":"https:\/\/kukkonia.sk\/kukkonia-advent-a-dobrocinne-trhy-na-sviatok-svatej-lucie\/","url":"https:\/\/kukkonia.sk\/kukkonia-advent-a-dobrocinne-trhy-na-sviatok-svatej-lucie\/","name":"Kukkonia Advent a dobro\u010dinn\u00e9 trhy | Kukkonia","isPartOf":{"@id":"https:\/\/kukkonia.sk\/#website"},"primaryImageOfPage":{"@id":"https:\/\/kukkonia.sk\/kukkonia-advent-a-dobrocinne-trhy-na-sviatok-svatej-lucie\/#primaryimage"},"image":{"@id":"https:\/\/kukkonia.sk\/kukkonia-advent-a-dobrocinne-trhy-na-sviatok-svatej-lucie\/#primaryimage"},"thumbnailUrl":"https:\/\/kukkonia.sk\/wp-content\/uploads\/2025\/12\/download.webp","datePublished":"2025-12-09T08:26:08+00:00","dateModified":"2025-12-09T08:26:53+00:00","description":"Kukkonia Advent na sviatok sv\u00e4tej Lucie priniesol dobro\u010dinn\u00e9 trhy, sviato\u010dn\u00fa atmosf\u00e9ru a stretnutie \u013eud\u00ed, ktor\u00ed podporuj\u00fa regi\u00f3n v adventnom \u010dase.","breadcrumb":{"@id":"https:\/\/kukkonia.sk\/kukkonia-advent-a-dobrocinne-trhy-na-sviatok-svatej-lucie\/#breadcrumb"},"inLanguage":"hu","potentialAction":[{"@type":"ReadAction","target":["https:\/\/kukkonia.sk\/kukkonia-advent-a-dobrocinne-trhy-na-sviatok-svatej-lucie\/"]}]},{"@type":"ImageObject","inLanguage":"hu","@id":"https:\/\/kukkonia.sk\/kukkonia-advent-a-dobrocinne-trhy-na-sviatok-svatej-lucie\/#primaryimage","url":"https:\/\/kukkonia.sk\/wp-content\/uploads\/2025\/12\/download.webp","contentUrl":"https:\/\/kukkonia.sk\/wp-content\/uploads\/2025\/12\/download.webp","width":1920,"height":920},{"@type":"BreadcrumbList","@id":"https:\/\/kukkonia.sk\/kukkonia-advent-a-dobrocinne-trhy-na-sviatok-svatej-lucie\/#breadcrumb","itemListElement":[{"@type":"ListItem","position":1,"name":"Domov","item":"https:\/\/kukkonia.sk\/"},{"@type":"ListItem","position":2,"name":"Kukkonia Advent a dobro\u010dinne trhy na sviatok sv\u00e4tej Lucie"}]},{"@type":"WebSite","@id":"https:\/\/kukkonia.sk\/#website","url":"https:\/\/kukkonia.sk\/","name":"Kukkonia","description":"","publisher":{"@id":"https:\/\/kukkonia.sk\/#organization"},"alternateName":"Kukkonia.sk","potentialAction":[{"@type":"SearchAction","target":{"@type":"EntryPoint","urlTemplate":"https:\/\/kukkonia.sk\/?s={search_term_string}"},"query-input":{"@type":"PropertyValueSpecification","valueRequired":true,"valueName":"search_term_string"}}],"inLanguage":"hu"},{"@type":"Organization","@id":"https:\/\/kukkonia.sk\/#organization","name":"Kukkonia","url":"https:\/\/kukkonia.sk\/","logo":{"@type":"ImageObject","inLanguage":"hu","@id":"https:\/\/kukkonia.sk\/#\/schema\/logo\/image\/","url":"https:\/\/kukkonia.sk\/wp-content\/uploads\/2025\/09\/kukkonia-logobgr.svg","contentUrl":"https:\/\/kukkonia.sk\/wp-content\/uploads\/2025\/09\/kukkonia-logobgr.svg","caption":"Kukkonia"},"image":{"@id":"https:\/\/kukkonia.sk\/#\/schema\/logo\/image\/"},"sameAs":["https:\/\/www.facebook.com\/kukkonia.sk\/","https:\/\/www.instagram.com\/kukkonia\/"]},{"@type":"Person","@id":"https:\/\/kukkonia.sk\/#\/schema\/person\/a85619faa9a5847fc89d211c0ba15fa5","name":"Kukk0n1adm1n","image":{"@type":"ImageObject","inLanguage":"hu","@id":"https:\/\/secure.gravatar.com\/avatar\/66d75025c60e20f3d1ff9e27481a2fa8fafb25f366b5bb28abf8bc4654ca980f?s=96&d=mm&r=g","url":"https:\/\/secure.gravatar.com\/avatar\/66d75025c60e20f3d1ff9e27481a2fa8fafb25f366b5bb28abf8bc4654ca980f?s=96&d=mm&r=g","contentUrl":"https:\/\/secure.gravatar.com\/avatar\/66d75025c60e20f3d1ff9e27481a2fa8fafb25f366b5bb28abf8bc4654ca980f?s=96&d=mm&r=g","caption":"Kukk0n1adm1n"},"sameAs":["https:\/\/kukkonia.sk"]}]}},"_links":{"self":[{"href":"https:\/\/kukkonia.sk\/hu\/wp-json\/wp\/v2\/posts\/3632","targetHints":{"allow":["GET"]}}],"collection":[{"href":"https:\/\/kukkonia.sk\/hu\/wp-json\/wp\/v2\/posts"}],"about":[{"href":"https:\/\/kukkonia.sk\/hu\/wp-json\/wp\/v2\/types\/post"}],"author":[{"embeddable":true,"href":"https:\/\/kukkonia.sk\/hu\/wp-json\/wp\/v2\/users\/1"}],"replies":[{"embeddable":true,"href":"https:\/\/kukkonia.sk\/hu\/wp-json\/wp\/v2\/comments?post=3632"}],"version-history":[{"count":2,"href":"https:\/\/kukkonia.sk\/hu\/wp-json\/wp\/v2\/posts\/3632\/revisions"}],"predecessor-version":[{"id":3637,"href":"https:\/\/kukkonia.sk\/hu\/wp-json\/wp\/v2\/posts\/3632\/revisions\/3637"}],"wp:featuredmedia":[{"embeddable":true,"href":"https:\/\/kukkonia.sk\/hu\/wp-json\/wp\/v2\/media\/3635"}],"wp:attachment":[{"href":"https:\/\/kukkonia.sk\/hu\/wp-json\/wp\/v2\/media?parent=3632"}],"wp:term":[{"taxonomy":"category","embeddable":true,"href":"https:\/\/kukkonia.sk\/hu\/wp-json\/wp\/v2\/categories?post=3632"},{"taxonomy":"post_tag","embeddable":true,"href":"https:\/\/kukkonia.sk\/hu\/wp-json\/wp\/v2\/tags?post=3632"}],"curies":[{"name":"wp","href":"https:\/\/api.w.org\/{rel}","templated":true}]}}