{"id":1411,"date":"2025-10-28T10:46:20","date_gmt":"2025-10-28T09:46:20","guid":{"rendered":"https:\/\/kukkonia.sk\/?p=1411"},"modified":"2025-10-29T14:18:06","modified_gmt":"2025-10-29T13:18:06","slug":"som-madar-a-som-uspesny","status":"publish","type":"post","link":"https:\/\/kukkonia.sk\/hu\/som-madar-a-som-uspesny\/","title":{"rendered":"Magyar vagyok, \u00e9s sikeres vagyok"},"content":{"rendered":"<p class=\"wp-block-paragraph\">A \u201eMagyar vagyok, \u00e9s sikeres vagyok\u201d c\u00edm\u0171 projekt keret\u00e9ben Simon Attila t\u00f6rt\u00e9n\u00e9sz \u00e9s Lampl Zsuzsanna szociol\u00f3gus k\u00f6z\u00e9piskol\u00e1kban tartott el\u0151ad\u00e1sokat a szlov\u00e1kiai magyar nemzetis\u00e9g\u0171 polg\u00e1rok \u00e9rv\u00e9nyes\u00fcl\u00e9si lehet\u0151s\u00e9geir\u0151l \u00e9s a siker l\u00e9nyeg\u00e9r\u0151l. E jelent\u0151s szakemberek k\u00f6z\u00e9piskolai l\u00e1togat\u00e1s\u00e1nak c\u00e9lja a magyar nemzetis\u00e9g\u0171 di\u00e1kok nemzeti identit\u00e1s\u00e1nak er\u0151s\u00edt\u00e9se volt.<\/p>\n\n\n\n<p class=\"wp-block-paragraph\">**Simon Attila neve ma m\u00e1r szorosan \u00f6sszefon\u00f3dott a 20. sz\u00e1zadi szlov\u00e1kiai magyar kisebbs\u00e9g vizsg\u00e1lat\u00e1val, \u00e9s szorgalmas munk\u00e1j\u00e1nak \u00e9rett gy\u00fcm\u00f6lcsek\u00e9nt szem\u00e9lye val\u00f3di int\u00e9zm\u00e9nny\u00e9 v\u00e1lt. A t\u00f6rt\u00e9n\u00e9sz, aki kor\u00e1bban a dunaszerdahelyi VJM \u00c1rmin V\u00e1mbery Gimn\u00e1zium\u00e1ban tan\u00edtott t\u00f6rt\u00e9nelem tant\u00e1rgyat, gyorsan megtal\u00e1lta a k\u00f6z\u00f6s hangot a di\u00e1kokkal, akikkel a szlov\u00e1kiai magyar nemzetis\u00e9g\u0171 \u00e1llampolg\u00e1rok t\u00f6rt\u00e9nelm\u00e9r\u0151l \u00e9s nemzeti identit\u00e1s\u00e1r\u00f3l folytatott besz\u00e9lget\u00e9st.\nEl\u0151ad\u00e1s\u00e1nak egyik k\u00f6zponti t\u00e9m\u00e1ja a szlov\u00e1kiai magyar kisebbs\u00e9g sors\u00e1nak alakul\u00e1sa volt a trianoni b\u00e9keszerz\u0151d\u00e9st\u0151l napjainkig. A rendhagy\u00f3 t\u00f6rt\u00e9nelem\u00f3ra keret\u00e9ben sor ker\u00fclt a nemzeti identit\u00e1s k\u00e9rd\u00e9s\u00e9re is. Hogyan lehet sikeres egy szlov\u00e1kiai magyar \u00e1llampolg\u00e1r an\u00e9lk\u00fcl, hogy fel kellene adnia saj\u00e1t nemzeti identit\u00e1s\u00e1t? \u2013 t\u00f6bbek k\u00f6z\u00f6tt erre a k\u00e9rd\u00e9sre kerest\u00e9k a di\u00e1kok a v\u00e1laszt, akt\u00edvan r\u00e9szt v\u00e9ve a diskurzusban.**<\/p>\n\n\n\n<p class=\"wp-block-paragraph\">**Simon Attila motiv\u00e1lta a di\u00e1kokat azzal a gondolattal, hogy mindannyiunkban ott rejlik egy tehets\u00e9g, amely mag\u00e1ban hordozza a siker kil\u00e1t\u00e1sait. \u201eMegtal\u00e1lj\u00e1tok magatokban, higgyetek magatokban, \u00e9s dolgozzatok rajta!\u201d \u2013 hangzott az elismert t\u00f6rt\u00e9n\u00e9sz z\u00e1r\u00f3 \u00fczenete.\nLampl Zsuzsanna el\u0151ad\u00e1s\u00e1ban a n\u00e9psz\u00e1ml\u00e1l\u00e1s eredm\u00e9nyeit eml\u00edtette, \u00e9s gondolatait a bel\u0151l\u00fck levonhat\u00f3 szociol\u00f3giai k\u00f6vetkeztet\u00e9sekre \u00e9p\u00edtette. A szak\u00e9rt\u0151 felh\u00edvta a figyelmet arra is, hogy b\u00e1r a szlov\u00e1kiai magyarok sz\u00e1ma a legut\u00f3bbi n\u00e9psz\u00e1ml\u00e1l\u00e1shoz k\u00e9pest cs\u00f6kkent, ez csup\u00e1n lassul\u00f3 trendet jelent.\nAz interakt\u00edv el\u0151ad\u00e1s sor\u00e1n a szociol\u00f3gus igyekezett kimer\u00edt\u0151 v\u00e1laszokat adni a di\u00e1kok relev\u00e1ns k\u00e9rd\u00e9seire. K\u00f6z\u00f6sen megfogalmazt\u00e1k a siker defin\u00edci\u00f3j\u00e1t, figyelembe v\u00e9ve azokat a t\u00e9nyez\u0151ket is, amelyek fontos szerepet j\u00e1tszanak a siker el\u00e9r\u00e9s\u00e9ben. Zsuzsanna Lampl a feltett k\u00e9rd\u00e9sekre adott v\u00e1laszaiban ismert szlov\u00e1kiai magyar neveket is eml\u00edtett a jelenl\u00e9v\u0151k sz\u00e1m\u00e1ra. Gyakorlati tan\u00e1csokat adott a di\u00e1koknak arr\u00f3l, hogyan tal\u00e1lhatj\u00e1k meg, amit szeretnek, \u00e9s mik\u00e9nt v\u00e1lhatnak sikeress\u00e9.**<\/p>","protected":false},"excerpt":{"rendered":"<p>V r\u00e1mci projektu s n\u00e1zvom \u201eSom Ma\u010far a som \u00faspe\u0161n\u00fd\u201c historik Attila Simon a sociol\u00f3gi\u010dka Zsuzsanna Lampl na stredn\u00fdch \u0161kol\u00e1ch predn\u00e1\u0161ali o mo\u017enostiach uplatnenia a podstate \u00faspechu ob\u010danov s ma\u010farskou n\u00e1rodnos\u0165ou na Slovensku. Cie\u013eom zav\u00edtania t\u00fdchto v\u00fdznamn\u00fdch odborn\u00edkov na stredn\u00e9 \u0161koly bolo posilni\u0165 n\u00e1rodn\u00fa identitu \u017eiakov s ma\u010farskou n\u00e1rodnos\u0165ou. Meno Attilu Simona je u\u017e dnes [&hellip;]<\/p>\n","protected":false},"author":1,"featured_media":1736,"comment_status":"closed","ping_status":"open","sticky":false,"template":"","format":"standard","meta":{"_acf_changed":false,"footnotes":""},"categories":[2,18],"tags":[],"class_list":["post-1411","post","type-post","status-publish","format-standard","has-post-thumbnail","hentry","category-kultura","category-som-madar-a-uspesny"],"acf":[],"yoast_head":"<!-- This site is optimized with the Yoast SEO plugin v28.3 - https:\/\/yoast.com\/product\/yoast-seo-wordpress\/ -->\n<title>Som Ma\u010far a som \u00faspe\u0161n\u00fd | Kukkonia<\/title>\n<meta name=\"description\" content=\"Projekt Som Ma\u010far a som \u00faspe\u0161n\u00fd priniesol \u0161tudentom diskusie o identite, sebavedom\u00ed a mo\u017enostiach uplatni\u0165 sa bez straty vlastn\u00fdch kore\u0148ov v regi\u00f3ne.\" \/>\n<meta name=\"robots\" content=\"index, follow, max-snippet:-1, max-image-preview:large, max-video-preview:-1\" \/>\n<link rel=\"canonical\" href=\"https:\/\/kukkonia.sk\/hu\/som-madar-a-som-uspesny\/\" \/>\n<meta property=\"og:locale\" content=\"hu_HU\" \/>\n<meta property=\"og:type\" content=\"article\" \/>\n<meta property=\"og:title\" content=\"Som Ma\u010far a som \u00faspe\u0161n\u00fd | Kukkonia\" \/>\n<meta property=\"og:description\" content=\"Projekt Som Ma\u010far a som \u00faspe\u0161n\u00fd priniesol \u0161tudentom diskusie o identite, sebavedom\u00ed a mo\u017enostiach uplatni\u0165 sa bez straty vlastn\u00fdch kore\u0148ov v regi\u00f3ne.\" \/>\n<meta property=\"og:url\" content=\"https:\/\/kukkonia.sk\/hu\/som-madar-a-som-uspesny\/\" \/>\n<meta property=\"og:site_name\" content=\"Kukkonia\" \/>\n<meta property=\"article:publisher\" content=\"https:\/\/www.facebook.com\/kukkonia.sk\/\" \/>\n<meta property=\"article:published_time\" content=\"2025-10-28T09:46:20+00:00\" \/>\n<meta property=\"article:modified_time\" content=\"2025-10-29T13:18:06+00:00\" \/>\n<meta property=\"og:image\" content=\"https:\/\/kukkonia.sk\/wp-content\/uploads\/2025\/10\/magyar_vagyok_es_sikeres_fenykep.jpg\" \/>\n\t<meta property=\"og:image:width\" content=\"1920\" \/>\n\t<meta property=\"og:image:height\" content=\"920\" \/>\n\t<meta property=\"og:image:type\" content=\"image\/jpeg\" \/>\n<meta name=\"author\" content=\"Kukk0n1adm1n\" \/>\n<meta name=\"twitter:card\" content=\"summary_large_image\" \/>\n<meta name=\"twitter:label1\" content=\"Szerz\u0151:\" \/>\n\t<meta name=\"twitter:data1\" content=\"Kukk0n1adm1n\" \/>\n\t<meta name=\"twitter:label2\" content=\"Becs\u00fclt olvas\u00e1si id\u0151\" \/>\n\t<meta name=\"twitter:data2\" content=\"2 perc\" \/>\n<script type=\"application\/ld+json\" class=\"yoast-schema-graph\">{\"@context\":\"https:\\\/\\\/schema.org\",\"@graph\":[{\"@type\":\"Article\",\"@id\":\"https:\\\/\\\/kukkonia.sk\\\/som-madar-a-som-uspesny\\\/#article\",\"isPartOf\":{\"@id\":\"https:\\\/\\\/kukkonia.sk\\\/som-madar-a-som-uspesny\\\/\"},\"author\":{\"name\":\"Kukk0n1adm1n\",\"@id\":\"https:\\\/\\\/kukkonia.sk\\\/#\\\/schema\\\/person\\\/a85619faa9a5847fc89d211c0ba15fa5\"},\"headline\":\"Som Ma\u010far a som \u00faspe\u0161n\u00fd\",\"datePublished\":\"2025-10-28T09:46:20+00:00\",\"dateModified\":\"2025-10-29T13:18:06+00:00\",\"mainEntityOfPage\":{\"@id\":\"https:\\\/\\\/kukkonia.sk\\\/som-madar-a-som-uspesny\\\/\"},\"wordCount\":474,\"publisher\":{\"@id\":\"https:\\\/\\\/kukkonia.sk\\\/#organization\"},\"image\":{\"@id\":\"https:\\\/\\\/kukkonia.sk\\\/som-madar-a-som-uspesny\\\/#primaryimage\"},\"thumbnailUrl\":\"https:\\\/\\\/kukkonia.sk\\\/wp-content\\\/uploads\\\/2025\\\/10\\\/magyar_vagyok_es_sikeres_fenykep.jpg\",\"articleSection\":[\"Kult\u00fara\",\"Som Ma\u010far a \u00faspe\u0161n\u00fd\"],\"inLanguage\":\"hu\"},{\"@type\":\"WebPage\",\"@id\":\"https:\\\/\\\/kukkonia.sk\\\/som-madar-a-som-uspesny\\\/\",\"url\":\"https:\\\/\\\/kukkonia.sk\\\/som-madar-a-som-uspesny\\\/\",\"name\":\"Som Ma\u010far a som \u00faspe\u0161n\u00fd | Kukkonia\",\"isPartOf\":{\"@id\":\"https:\\\/\\\/kukkonia.sk\\\/#website\"},\"primaryImageOfPage\":{\"@id\":\"https:\\\/\\\/kukkonia.sk\\\/som-madar-a-som-uspesny\\\/#primaryimage\"},\"image\":{\"@id\":\"https:\\\/\\\/kukkonia.sk\\\/som-madar-a-som-uspesny\\\/#primaryimage\"},\"thumbnailUrl\":\"https:\\\/\\\/kukkonia.sk\\\/wp-content\\\/uploads\\\/2025\\\/10\\\/magyar_vagyok_es_sikeres_fenykep.jpg\",\"datePublished\":\"2025-10-28T09:46:20+00:00\",\"dateModified\":\"2025-10-29T13:18:06+00:00\",\"description\":\"Projekt Som Ma\u010far a som \u00faspe\u0161n\u00fd priniesol \u0161tudentom diskusie o identite, sebavedom\u00ed a mo\u017enostiach uplatni\u0165 sa bez straty vlastn\u00fdch kore\u0148ov v regi\u00f3ne.\",\"breadcrumb\":{\"@id\":\"https:\\\/\\\/kukkonia.sk\\\/som-madar-a-som-uspesny\\\/#breadcrumb\"},\"inLanguage\":\"hu\",\"potentialAction\":[{\"@type\":\"ReadAction\",\"target\":[\"https:\\\/\\\/kukkonia.sk\\\/som-madar-a-som-uspesny\\\/\"]}]},{\"@type\":\"ImageObject\",\"inLanguage\":\"hu\",\"@id\":\"https:\\\/\\\/kukkonia.sk\\\/som-madar-a-som-uspesny\\\/#primaryimage\",\"url\":\"https:\\\/\\\/kukkonia.sk\\\/wp-content\\\/uploads\\\/2025\\\/10\\\/magyar_vagyok_es_sikeres_fenykep.jpg\",\"contentUrl\":\"https:\\\/\\\/kukkonia.sk\\\/wp-content\\\/uploads\\\/2025\\\/10\\\/magyar_vagyok_es_sikeres_fenykep.jpg\",\"width\":1920,\"height\":920},{\"@type\":\"BreadcrumbList\",\"@id\":\"https:\\\/\\\/kukkonia.sk\\\/som-madar-a-som-uspesny\\\/#breadcrumb\",\"itemListElement\":[{\"@type\":\"ListItem\",\"position\":1,\"name\":\"Domov\",\"item\":\"https:\\\/\\\/kukkonia.sk\\\/\"},{\"@type\":\"ListItem\",\"position\":2,\"name\":\"Som Ma\u010far a som \u00faspe\u0161n\u00fd\"}]},{\"@type\":\"WebSite\",\"@id\":\"https:\\\/\\\/kukkonia.sk\\\/#website\",\"url\":\"https:\\\/\\\/kukkonia.sk\\\/\",\"name\":\"Kukkonia\",\"description\":\"\",\"publisher\":{\"@id\":\"https:\\\/\\\/kukkonia.sk\\\/#organization\"},\"alternateName\":\"Kukkonia.sk\",\"potentialAction\":[{\"@type\":\"SearchAction\",\"target\":{\"@type\":\"EntryPoint\",\"urlTemplate\":\"https:\\\/\\\/kukkonia.sk\\\/?s={search_term_string}\"},\"query-input\":{\"@type\":\"PropertyValueSpecification\",\"valueRequired\":true,\"valueName\":\"search_term_string\"}}],\"inLanguage\":\"hu\"},{\"@type\":\"Organization\",\"@id\":\"https:\\\/\\\/kukkonia.sk\\\/#organization\",\"name\":\"Kukkonia\",\"url\":\"https:\\\/\\\/kukkonia.sk\\\/\",\"logo\":{\"@type\":\"ImageObject\",\"inLanguage\":\"hu\",\"@id\":\"https:\\\/\\\/kukkonia.sk\\\/#\\\/schema\\\/logo\\\/image\\\/\",\"url\":\"https:\\\/\\\/kukkonia.sk\\\/wp-content\\\/uploads\\\/2025\\\/09\\\/kukkonia-logobgr.svg\",\"contentUrl\":\"https:\\\/\\\/kukkonia.sk\\\/wp-content\\\/uploads\\\/2025\\\/09\\\/kukkonia-logobgr.svg\",\"caption\":\"Kukkonia\"},\"image\":{\"@id\":\"https:\\\/\\\/kukkonia.sk\\\/#\\\/schema\\\/logo\\\/image\\\/\"},\"sameAs\":[\"https:\\\/\\\/www.facebook.com\\\/kukkonia.sk\\\/\",\"https:\\\/\\\/www.instagram.com\\\/kukkonia\\\/\"]},{\"@type\":\"Person\",\"@id\":\"https:\\\/\\\/kukkonia.sk\\\/#\\\/schema\\\/person\\\/a85619faa9a5847fc89d211c0ba15fa5\",\"name\":\"Kukk0n1adm1n\",\"image\":{\"@type\":\"ImageObject\",\"inLanguage\":\"hu\",\"@id\":\"https:\\\/\\\/secure.gravatar.com\\\/avatar\\\/66d75025c60e20f3d1ff9e27481a2fa8fafb25f366b5bb28abf8bc4654ca980f?s=96&d=mm&r=g\",\"url\":\"https:\\\/\\\/secure.gravatar.com\\\/avatar\\\/66d75025c60e20f3d1ff9e27481a2fa8fafb25f366b5bb28abf8bc4654ca980f?s=96&d=mm&r=g\",\"contentUrl\":\"https:\\\/\\\/secure.gravatar.com\\\/avatar\\\/66d75025c60e20f3d1ff9e27481a2fa8fafb25f366b5bb28abf8bc4654ca980f?s=96&d=mm&r=g\",\"caption\":\"Kukk0n1adm1n\"},\"sameAs\":[\"https:\\\/\\\/kukkonia.sk\"]}]}<\/script>\n<!-- \/ Yoast SEO plugin. -->","yoast_head_json":{"title":"Som Ma\u010far a som \u00faspe\u0161n\u00fd | Kukkonia","description":"Projekt Som Ma\u010far a som \u00faspe\u0161n\u00fd priniesol \u0161tudentom diskusie o identite, sebavedom\u00ed a mo\u017enostiach uplatni\u0165 sa bez straty vlastn\u00fdch kore\u0148ov v regi\u00f3ne.","robots":{"index":"index","follow":"follow","max-snippet":"max-snippet:-1","max-image-preview":"max-image-preview:large","max-video-preview":"max-video-preview:-1"},"canonical":"https:\/\/kukkonia.sk\/hu\/som-madar-a-som-uspesny\/","og_locale":"hu_HU","og_type":"article","og_title":"Som Ma\u010far a som \u00faspe\u0161n\u00fd | Kukkonia","og_description":"Projekt Som Ma\u010far a som \u00faspe\u0161n\u00fd priniesol \u0161tudentom diskusie o identite, sebavedom\u00ed a mo\u017enostiach uplatni\u0165 sa bez straty vlastn\u00fdch kore\u0148ov v regi\u00f3ne.","og_url":"https:\/\/kukkonia.sk\/hu\/som-madar-a-som-uspesny\/","og_site_name":"Kukkonia","article_publisher":"https:\/\/www.facebook.com\/kukkonia.sk\/","article_published_time":"2025-10-28T09:46:20+00:00","article_modified_time":"2025-10-29T13:18:06+00:00","og_image":[{"width":1920,"height":920,"url":"https:\/\/kukkonia.sk\/wp-content\/uploads\/2025\/10\/magyar_vagyok_es_sikeres_fenykep.jpg","type":"image\/jpeg"}],"author":"Kukk0n1adm1n","twitter_card":"summary_large_image","twitter_misc":{"Szerz\u0151:":"Kukk0n1adm1n","Becs\u00fclt olvas\u00e1si id\u0151":"2 perc"},"schema":{"@context":"https:\/\/schema.org","@graph":[{"@type":"Article","@id":"https:\/\/kukkonia.sk\/som-madar-a-som-uspesny\/#article","isPartOf":{"@id":"https:\/\/kukkonia.sk\/som-madar-a-som-uspesny\/"},"author":{"name":"Kukk0n1adm1n","@id":"https:\/\/kukkonia.sk\/#\/schema\/person\/a85619faa9a5847fc89d211c0ba15fa5"},"headline":"Som Ma\u010far a som \u00faspe\u0161n\u00fd","datePublished":"2025-10-28T09:46:20+00:00","dateModified":"2025-10-29T13:18:06+00:00","mainEntityOfPage":{"@id":"https:\/\/kukkonia.sk\/som-madar-a-som-uspesny\/"},"wordCount":474,"publisher":{"@id":"https:\/\/kukkonia.sk\/#organization"},"image":{"@id":"https:\/\/kukkonia.sk\/som-madar-a-som-uspesny\/#primaryimage"},"thumbnailUrl":"https:\/\/kukkonia.sk\/wp-content\/uploads\/2025\/10\/magyar_vagyok_es_sikeres_fenykep.jpg","articleSection":["Kult\u00fara","Som Ma\u010far a \u00faspe\u0161n\u00fd"],"inLanguage":"hu"},{"@type":"WebPage","@id":"https:\/\/kukkonia.sk\/som-madar-a-som-uspesny\/","url":"https:\/\/kukkonia.sk\/som-madar-a-som-uspesny\/","name":"Som Ma\u010far a som \u00faspe\u0161n\u00fd | Kukkonia","isPartOf":{"@id":"https:\/\/kukkonia.sk\/#website"},"primaryImageOfPage":{"@id":"https:\/\/kukkonia.sk\/som-madar-a-som-uspesny\/#primaryimage"},"image":{"@id":"https:\/\/kukkonia.sk\/som-madar-a-som-uspesny\/#primaryimage"},"thumbnailUrl":"https:\/\/kukkonia.sk\/wp-content\/uploads\/2025\/10\/magyar_vagyok_es_sikeres_fenykep.jpg","datePublished":"2025-10-28T09:46:20+00:00","dateModified":"2025-10-29T13:18:06+00:00","description":"Projekt Som Ma\u010far a som \u00faspe\u0161n\u00fd priniesol \u0161tudentom diskusie o identite, sebavedom\u00ed a mo\u017enostiach uplatni\u0165 sa bez straty vlastn\u00fdch kore\u0148ov v regi\u00f3ne.","breadcrumb":{"@id":"https:\/\/kukkonia.sk\/som-madar-a-som-uspesny\/#breadcrumb"},"inLanguage":"hu","potentialAction":[{"@type":"ReadAction","target":["https:\/\/kukkonia.sk\/som-madar-a-som-uspesny\/"]}]},{"@type":"ImageObject","inLanguage":"hu","@id":"https:\/\/kukkonia.sk\/som-madar-a-som-uspesny\/#primaryimage","url":"https:\/\/kukkonia.sk\/wp-content\/uploads\/2025\/10\/magyar_vagyok_es_sikeres_fenykep.jpg","contentUrl":"https:\/\/kukkonia.sk\/wp-content\/uploads\/2025\/10\/magyar_vagyok_es_sikeres_fenykep.jpg","width":1920,"height":920},{"@type":"BreadcrumbList","@id":"https:\/\/kukkonia.sk\/som-madar-a-som-uspesny\/#breadcrumb","itemListElement":[{"@type":"ListItem","position":1,"name":"Domov","item":"https:\/\/kukkonia.sk\/"},{"@type":"ListItem","position":2,"name":"Som Ma\u010far a som \u00faspe\u0161n\u00fd"}]},{"@type":"WebSite","@id":"https:\/\/kukkonia.sk\/#website","url":"https:\/\/kukkonia.sk\/","name":"Kukkonia","description":"","publisher":{"@id":"https:\/\/kukkonia.sk\/#organization"},"alternateName":"Kukkonia.sk","potentialAction":[{"@type":"SearchAction","target":{"@type":"EntryPoint","urlTemplate":"https:\/\/kukkonia.sk\/?s={search_term_string}"},"query-input":{"@type":"PropertyValueSpecification","valueRequired":true,"valueName":"search_term_string"}}],"inLanguage":"hu"},{"@type":"Organization","@id":"https:\/\/kukkonia.sk\/#organization","name":"Kukkonia","url":"https:\/\/kukkonia.sk\/","logo":{"@type":"ImageObject","inLanguage":"hu","@id":"https:\/\/kukkonia.sk\/#\/schema\/logo\/image\/","url":"https:\/\/kukkonia.sk\/wp-content\/uploads\/2025\/09\/kukkonia-logobgr.svg","contentUrl":"https:\/\/kukkonia.sk\/wp-content\/uploads\/2025\/09\/kukkonia-logobgr.svg","caption":"Kukkonia"},"image":{"@id":"https:\/\/kukkonia.sk\/#\/schema\/logo\/image\/"},"sameAs":["https:\/\/www.facebook.com\/kukkonia.sk\/","https:\/\/www.instagram.com\/kukkonia\/"]},{"@type":"Person","@id":"https:\/\/kukkonia.sk\/#\/schema\/person\/a85619faa9a5847fc89d211c0ba15fa5","name":"Kukk0n1adm1n","image":{"@type":"ImageObject","inLanguage":"hu","@id":"https:\/\/secure.gravatar.com\/avatar\/66d75025c60e20f3d1ff9e27481a2fa8fafb25f366b5bb28abf8bc4654ca980f?s=96&d=mm&r=g","url":"https:\/\/secure.gravatar.com\/avatar\/66d75025c60e20f3d1ff9e27481a2fa8fafb25f366b5bb28abf8bc4654ca980f?s=96&d=mm&r=g","contentUrl":"https:\/\/secure.gravatar.com\/avatar\/66d75025c60e20f3d1ff9e27481a2fa8fafb25f366b5bb28abf8bc4654ca980f?s=96&d=mm&r=g","caption":"Kukk0n1adm1n"},"sameAs":["https:\/\/kukkonia.sk"]}]}},"_links":{"self":[{"href":"https:\/\/kukkonia.sk\/hu\/wp-json\/wp\/v2\/posts\/1411","targetHints":{"allow":["GET"]}}],"collection":[{"href":"https:\/\/kukkonia.sk\/hu\/wp-json\/wp\/v2\/posts"}],"about":[{"href":"https:\/\/kukkonia.sk\/hu\/wp-json\/wp\/v2\/types\/post"}],"author":[{"embeddable":true,"href":"https:\/\/kukkonia.sk\/hu\/wp-json\/wp\/v2\/users\/1"}],"replies":[{"embeddable":true,"href":"https:\/\/kukkonia.sk\/hu\/wp-json\/wp\/v2\/comments?post=1411"}],"version-history":[{"count":1,"href":"https:\/\/kukkonia.sk\/hu\/wp-json\/wp\/v2\/posts\/1411\/revisions"}],"predecessor-version":[{"id":1412,"href":"https:\/\/kukkonia.sk\/hu\/wp-json\/wp\/v2\/posts\/1411\/revisions\/1412"}],"wp:featuredmedia":[{"embeddable":true,"href":"https:\/\/kukkonia.sk\/hu\/wp-json\/wp\/v2\/media\/1736"}],"wp:attachment":[{"href":"https:\/\/kukkonia.sk\/hu\/wp-json\/wp\/v2\/media?parent=1411"}],"wp:term":[{"taxonomy":"category","embeddable":true,"href":"https:\/\/kukkonia.sk\/hu\/wp-json\/wp\/v2\/categories?post=1411"},{"taxonomy":"post_tag","embeddable":true,"href":"https:\/\/kukkonia.sk\/hu\/wp-json\/wp\/v2\/tags?post=1411"}],"curies":[{"name":"wp","href":"https:\/\/api.w.org\/{rel}","templated":true}]}}