{"id":1294,"date":"2025-10-27T14:21:37","date_gmt":"2025-10-27T13:21:37","guid":{"rendered":"https:\/\/kukkonia.sk\/?p=1294"},"modified":"2026-08-24T13:40:56","modified_gmt":"2026-08-24T11:40:56","slug":"rimskokatolicky-kostol-vo-vrakuni-2020","status":"publish","type":"post","link":"https:\/\/kukkonia.sk\/hu\/rimskokatolicky-kostol-vo-vrakuni-2020\/","title":{"rendered":"R\u00edmskokatol\u00edcky kostol vo Vrak\u00fani [2020]"},"content":{"rendered":"<p class=\"wp-block-paragraph\">Ob\u010dianske zdru\u017eenie Kukkonia darovalo kostolu vo Vrak\u00fani nov\u00fd kostoln\u00fd olt\u00e1r a amb\u00f3n<\/p>\n\n\n\n<p class=\"wp-block-paragraph\">Kostol sv\u00e4t\u00e9ho Jakuba vo Vrak\u00fani bol postaven\u00fd v druhej polovici 14. storo\u010dia, pravdepodobne s pou\u017eit\u00edm prvkov p\u00f4vodn\u00e9ho kostola z doby Arp\u00e1dovcov. Budova stojaca na najvy\u0161\u0161om bode dediny patr\u00ed medzi najv\u00e4\u010d\u0161ie a najstar\u0161ie kostoly na \u017ditnom ostrove. Hovor\u00ed sa, \u017ee je tento kostol akousi \u0161perkovnicou. Pr\u00e1ve preto pova\u017eovalo Ob\u010dianske zdru\u017eenie Kukkonia za d\u00f4le\u017eit\u00e9 tento kostol finan\u010dne podpori\u0165.<br><br>Za\u010diatkom marca bol dokon\u010den\u00fd olt\u00e1r versus populum a k nemu patriace p\u00f3dium, v nede\u013eu 2. j\u00fala bol po\u017eehnan\u00fd aj nov\u00fd amb\u00f3n. V\u0161etky tri darovali Ob\u010dianske zdru\u017eenie Kukkonia a man\u017eelsk\u00fd p\u00e1r R\u00e9ka Vil\u00e1gi a Jan Van Daele ako vyznanie svadobn\u00e9ho s\u013eubu. Realiz\u00e1torom a dizajn\u00e9rom boli Antal Jer\u00e1bek a jeho otec Anton Jer\u00e1bek z Vrak\u00fa\u0148a. O ma\u013ebu olt\u00e1ra a kazate\u013enice sa postaral re\u0161taur\u00e1tor Marian Jamrich.<br><br>\u201eV r\u00e1mci n\u00e1\u0161ho ob\u010dianskeho zdru\u017eenia pova\u017eujeme za d\u00f4le\u017eit\u00e9 podporova\u0165 historick\u00e9 dedi\u010dstvo a pr\u00edrodn\u00e9 bohatstvo tohto regi\u00f3nu. Kostol vo Vrak\u00fani je jedn\u00fdm z najstar\u0161\u00edch v na\u0161om regi\u00f3ne. R\u00e9ka Vil\u00e1gi a jej man\u017eel Jan Van Daele teda na to prispievaj\u00fa a my sa k nim s \u00factou prid\u00e1vame. S b\u00fdval\u00fdm far\u00e1rom, K\u00e1rolyom Baloghom sme sa dohodli, \u017ee poskytneme finan\u010dn\u00fd pr\u00edspevok na pr\u00edpravu nov\u00e9ho olt\u00e1ra, kazate\u013enice a p\u00f3dia.\u201c, informovala o tom T\u00edmea D\u00f3ka.<br><br>Olt\u00e1r po\u017eehnal arcidekan-far\u00e1r vo v\u00fdslu\u017ebe K\u00e1roly Boros a amb\u00f3n po\u017eehnal nov\u00fd dekan-far\u00e1r J\u00e1nos Zsid\u00f3.<\/p>\n\n\n\n<figure class=\"wp-block-gallery has-nested-images columns-default is-cropped wp-block-gallery-1 is-layout-flex wp-block-gallery-is-layout-flex\">\n<figure class=\"wp-block-image size-large\"><a href=\"https:\/\/kukkonia.sk\/wp-content\/uploads\/2025\/10\/templom_1.webp\"><img loading=\"lazy\" decoding=\"async\" width=\"1024\" height=\"683\" data-id=\"2712\" src=\"https:\/\/kukkonia.sk\/wp-content\/uploads\/2025\/10\/templom_1-1024x683.webp\" alt=\"\" class=\"wp-image-2712\" srcset=\"https:\/\/kukkonia.sk\/wp-content\/uploads\/2025\/10\/templom_1-1024x683.webp 1024w, https:\/\/kukkonia.sk\/wp-content\/uploads\/2025\/10\/templom_1-300x200.webp 300w, https:\/\/kukkonia.sk\/wp-content\/uploads\/2025\/10\/templom_1-768x512.webp 768w, https:\/\/kukkonia.sk\/wp-content\/uploads\/2025\/10\/templom_1.webp 1200w\" sizes=\"auto, (max-width: 1024px) 100vw, 1024px\" \/><\/a><\/figure>\n\n\n\n<figure class=\"wp-block-image size-large\"><a href=\"https:\/\/kukkonia.sk\/wp-content\/uploads\/2025\/10\/templom_2.webp\"><img loading=\"lazy\" decoding=\"async\" width=\"683\" height=\"1024\" data-id=\"2711\" src=\"https:\/\/kukkonia.sk\/wp-content\/uploads\/2025\/10\/templom_2-683x1024.webp\" alt=\"\" class=\"wp-image-2711\" srcset=\"https:\/\/kukkonia.sk\/wp-content\/uploads\/2025\/10\/templom_2-683x1024.webp 683w, https:\/\/kukkonia.sk\/wp-content\/uploads\/2025\/10\/templom_2-200x300.webp 200w, https:\/\/kukkonia.sk\/wp-content\/uploads\/2025\/10\/templom_2.webp 720w\" sizes=\"auto, (max-width: 683px) 100vw, 683px\" \/><\/a><\/figure>\n\n\n\n<figure class=\"wp-block-image size-large\"><a href=\"https:\/\/kukkonia.sk\/wp-content\/uploads\/2025\/10\/templom_kezdo.webp\"><img loading=\"lazy\" decoding=\"async\" width=\"1024\" height=\"683\" data-id=\"2710\" src=\"https:\/\/kukkonia.sk\/wp-content\/uploads\/2025\/10\/templom_kezdo-1024x683.webp\" alt=\"\" class=\"wp-image-2710\" srcset=\"https:\/\/kukkonia.sk\/wp-content\/uploads\/2025\/10\/templom_kezdo-1024x683.webp 1024w, https:\/\/kukkonia.sk\/wp-content\/uploads\/2025\/10\/templom_kezdo-300x200.webp 300w, https:\/\/kukkonia.sk\/wp-content\/uploads\/2025\/10\/templom_kezdo-768x512.webp 768w, https:\/\/kukkonia.sk\/wp-content\/uploads\/2025\/10\/templom_kezdo.webp 1200w\" sizes=\"auto, (max-width: 1024px) 100vw, 1024px\" \/><\/a><\/figure>\n<\/figure>","protected":false},"excerpt":{"rendered":"<p>Ob\u010dianske zdru\u017eenie Kukkonia darovalo kostolu vo Vrak\u00fani nov\u00fd kostoln\u00fd olt\u00e1r a amb\u00f3n Kostol sv\u00e4t\u00e9ho Jakuba vo Vrak\u00fani bol postaven\u00fd v druhej polovici 14. storo\u010dia, pravdepodobne s pou\u017eit\u00edm prvkov p\u00f4vodn\u00e9ho kostola z doby Arp\u00e1dovcov. Budova stojaca na najvy\u0161\u0161om bode dediny patr\u00ed medzi najv\u00e4\u010d\u0161ie a najstar\u0161ie kostoly na \u017ditnom ostrove. Hovor\u00ed sa, \u017ee je tento kostol akousi [&hellip;]<\/p>\n","protected":false},"author":1,"featured_media":2712,"comment_status":"closed","ping_status":"open","sticky":false,"template":"","format":"standard","meta":{"_acf_changed":false,"footnotes":""},"categories":[13,4],"tags":[],"class_list":["post-1294","post","type-post","status-publish","format-standard","has-post-thumbnail","hentry","category-charitativna-pomoc","category-rozvoj-regionu"],"acf":[],"yoast_head":"<!-- This site is optimized with the Yoast SEO plugin v28.3 - https:\/\/yoast.com\/product\/yoast-seo-wordpress\/ -->\n<title>Kostol vo Vrak\u00fani a podpora Kukkonia<\/title>\n<meta name=\"description\" content=\"Kukkonia podporila kostol sv\u00e4t\u00e9ho Jakuba vo Vrak\u00fani darovan\u00edm olt\u00e1ra, amb\u00f3nu a p\u00f3dia pre jednu z najstar\u0161\u00edch pamiatok a identitu \u017ditn\u00e9ho ostrova.\" \/>\n<meta name=\"robots\" content=\"index, follow, max-snippet:-1, max-image-preview:large, max-video-preview:-1\" \/>\n<link rel=\"canonical\" href=\"https:\/\/kukkonia.sk\/hu\/rimskokatolicky-kostol-vo-vrakuni-2020\/\" \/>\n<meta property=\"og:locale\" content=\"hu_HU\" \/>\n<meta property=\"og:type\" content=\"article\" \/>\n<meta property=\"og:title\" content=\"Kostol vo Vrak\u00fani a podpora Kukkonia\" \/>\n<meta property=\"og:description\" content=\"Kukkonia podporila kostol sv\u00e4t\u00e9ho Jakuba vo Vrak\u00fani darovan\u00edm olt\u00e1ra, amb\u00f3nu a p\u00f3dia pre jednu z najstar\u0161\u00edch pamiatok a identitu \u017ditn\u00e9ho ostrova.\" \/>\n<meta property=\"og:url\" content=\"https:\/\/kukkonia.sk\/hu\/rimskokatolicky-kostol-vo-vrakuni-2020\/\" \/>\n<meta property=\"og:site_name\" content=\"Kukkonia\" \/>\n<meta property=\"article:publisher\" content=\"https:\/\/www.facebook.com\/kukkonia.sk\/\" \/>\n<meta property=\"article:published_time\" content=\"2025-10-27T13:21:37+00:00\" \/>\n<meta property=\"article:modified_time\" content=\"2026-08-24T11:40:56+00:00\" \/>\n<meta property=\"og:image\" content=\"https:\/\/kukkonia.sk\/wp-content\/uploads\/2025\/10\/templom_1.webp\" \/>\n\t<meta property=\"og:image:width\" content=\"1200\" \/>\n\t<meta property=\"og:image:height\" content=\"800\" \/>\n\t<meta property=\"og:image:type\" content=\"image\/webp\" \/>\n<meta name=\"author\" content=\"Kukk0n1adm1n\" \/>\n<meta name=\"twitter:card\" content=\"summary_large_image\" \/>\n<meta name=\"twitter:label1\" content=\"Szerz\u0151:\" \/>\n\t<meta name=\"twitter:data1\" content=\"Kukk0n1adm1n\" \/>\n\t<meta name=\"twitter:label2\" content=\"Becs\u00fclt olvas\u00e1si id\u0151\" \/>\n\t<meta name=\"twitter:data2\" content=\"2 perc\" \/>\n<script type=\"application\/ld+json\" class=\"yoast-schema-graph\">{\"@context\":\"https:\\\/\\\/schema.org\",\"@graph\":[{\"@type\":\"Article\",\"@id\":\"https:\\\/\\\/kukkonia.sk\\\/rimskokatolicky-kostol-vo-vrakuni-2020\\\/#article\",\"isPartOf\":{\"@id\":\"https:\\\/\\\/kukkonia.sk\\\/rimskokatolicky-kostol-vo-vrakuni-2020\\\/\"},\"author\":{\"name\":\"Kukk0n1adm1n\",\"@id\":\"https:\\\/\\\/kukkonia.sk\\\/#\\\/schema\\\/person\\\/a85619faa9a5847fc89d211c0ba15fa5\"},\"headline\":\"R\u00edmskokatol\u00edcky kostol vo Vrak\u00fani [2020]\",\"datePublished\":\"2025-10-27T13:21:37+00:00\",\"dateModified\":\"2026-08-24T11:40:56+00:00\",\"mainEntityOfPage\":{\"@id\":\"https:\\\/\\\/kukkonia.sk\\\/rimskokatolicky-kostol-vo-vrakuni-2020\\\/\"},\"wordCount\":313,\"publisher\":{\"@id\":\"https:\\\/\\\/kukkonia.sk\\\/#organization\"},\"image\":{\"@id\":\"https:\\\/\\\/kukkonia.sk\\\/rimskokatolicky-kostol-vo-vrakuni-2020\\\/#primaryimage\"},\"thumbnailUrl\":\"https:\\\/\\\/kukkonia.sk\\\/wp-content\\\/uploads\\\/2025\\\/10\\\/templom_1.webp\",\"articleSection\":[\"Charitat\u00edvna pomoc\",\"Rozvoj regi\u00f3nu\"],\"inLanguage\":\"hu\"},{\"@type\":\"WebPage\",\"@id\":\"https:\\\/\\\/kukkonia.sk\\\/rimskokatolicky-kostol-vo-vrakuni-2020\\\/\",\"url\":\"https:\\\/\\\/kukkonia.sk\\\/rimskokatolicky-kostol-vo-vrakuni-2020\\\/\",\"name\":\"Kostol vo Vrak\u00fani a podpora Kukkonia\",\"isPartOf\":{\"@id\":\"https:\\\/\\\/kukkonia.sk\\\/#website\"},\"primaryImageOfPage\":{\"@id\":\"https:\\\/\\\/kukkonia.sk\\\/rimskokatolicky-kostol-vo-vrakuni-2020\\\/#primaryimage\"},\"image\":{\"@id\":\"https:\\\/\\\/kukkonia.sk\\\/rimskokatolicky-kostol-vo-vrakuni-2020\\\/#primaryimage\"},\"thumbnailUrl\":\"https:\\\/\\\/kukkonia.sk\\\/wp-content\\\/uploads\\\/2025\\\/10\\\/templom_1.webp\",\"datePublished\":\"2025-10-27T13:21:37+00:00\",\"dateModified\":\"2026-08-24T11:40:56+00:00\",\"description\":\"Kukkonia podporila kostol sv\u00e4t\u00e9ho Jakuba vo Vrak\u00fani darovan\u00edm olt\u00e1ra, amb\u00f3nu a p\u00f3dia pre jednu z najstar\u0161\u00edch pamiatok a identitu \u017ditn\u00e9ho ostrova.\",\"breadcrumb\":{\"@id\":\"https:\\\/\\\/kukkonia.sk\\\/rimskokatolicky-kostol-vo-vrakuni-2020\\\/#breadcrumb\"},\"inLanguage\":\"hu\",\"potentialAction\":[{\"@type\":\"ReadAction\",\"target\":[\"https:\\\/\\\/kukkonia.sk\\\/rimskokatolicky-kostol-vo-vrakuni-2020\\\/\"]}]},{\"@type\":\"ImageObject\",\"inLanguage\":\"hu\",\"@id\":\"https:\\\/\\\/kukkonia.sk\\\/rimskokatolicky-kostol-vo-vrakuni-2020\\\/#primaryimage\",\"url\":\"https:\\\/\\\/kukkonia.sk\\\/wp-content\\\/uploads\\\/2025\\\/10\\\/templom_1.webp\",\"contentUrl\":\"https:\\\/\\\/kukkonia.sk\\\/wp-content\\\/uploads\\\/2025\\\/10\\\/templom_1.webp\",\"width\":1200,\"height\":800},{\"@type\":\"BreadcrumbList\",\"@id\":\"https:\\\/\\\/kukkonia.sk\\\/rimskokatolicky-kostol-vo-vrakuni-2020\\\/#breadcrumb\",\"itemListElement\":[{\"@type\":\"ListItem\",\"position\":1,\"name\":\"Domov\",\"item\":\"https:\\\/\\\/kukkonia.sk\\\/\"},{\"@type\":\"ListItem\",\"position\":2,\"name\":\"R\u00edmskokatol\u00edcky kostol vo Vrak\u00fani [2020]\"}]},{\"@type\":\"WebSite\",\"@id\":\"https:\\\/\\\/kukkonia.sk\\\/#website\",\"url\":\"https:\\\/\\\/kukkonia.sk\\\/\",\"name\":\"Kukkonia\",\"description\":\"\",\"publisher\":{\"@id\":\"https:\\\/\\\/kukkonia.sk\\\/#organization\"},\"alternateName\":\"Kukkonia.sk\",\"potentialAction\":[{\"@type\":\"SearchAction\",\"target\":{\"@type\":\"EntryPoint\",\"urlTemplate\":\"https:\\\/\\\/kukkonia.sk\\\/?s={search_term_string}\"},\"query-input\":{\"@type\":\"PropertyValueSpecification\",\"valueRequired\":true,\"valueName\":\"search_term_string\"}}],\"inLanguage\":\"hu\"},{\"@type\":\"Organization\",\"@id\":\"https:\\\/\\\/kukkonia.sk\\\/#organization\",\"name\":\"Kukkonia\",\"url\":\"https:\\\/\\\/kukkonia.sk\\\/\",\"logo\":{\"@type\":\"ImageObject\",\"inLanguage\":\"hu\",\"@id\":\"https:\\\/\\\/kukkonia.sk\\\/#\\\/schema\\\/logo\\\/image\\\/\",\"url\":\"https:\\\/\\\/kukkonia.sk\\\/wp-content\\\/uploads\\\/2025\\\/09\\\/kukkonia-logobgr.svg\",\"contentUrl\":\"https:\\\/\\\/kukkonia.sk\\\/wp-content\\\/uploads\\\/2025\\\/09\\\/kukkonia-logobgr.svg\",\"caption\":\"Kukkonia\"},\"image\":{\"@id\":\"https:\\\/\\\/kukkonia.sk\\\/#\\\/schema\\\/logo\\\/image\\\/\"},\"sameAs\":[\"https:\\\/\\\/www.facebook.com\\\/kukkonia.sk\\\/\",\"https:\\\/\\\/www.instagram.com\\\/kukkonia\\\/\"]},{\"@type\":\"Person\",\"@id\":\"https:\\\/\\\/kukkonia.sk\\\/#\\\/schema\\\/person\\\/a85619faa9a5847fc89d211c0ba15fa5\",\"name\":\"Kukk0n1adm1n\",\"image\":{\"@type\":\"ImageObject\",\"inLanguage\":\"hu\",\"@id\":\"https:\\\/\\\/secure.gravatar.com\\\/avatar\\\/66d75025c60e20f3d1ff9e27481a2fa8fafb25f366b5bb28abf8bc4654ca980f?s=96&d=mm&r=g\",\"url\":\"https:\\\/\\\/secure.gravatar.com\\\/avatar\\\/66d75025c60e20f3d1ff9e27481a2fa8fafb25f366b5bb28abf8bc4654ca980f?s=96&d=mm&r=g\",\"contentUrl\":\"https:\\\/\\\/secure.gravatar.com\\\/avatar\\\/66d75025c60e20f3d1ff9e27481a2fa8fafb25f366b5bb28abf8bc4654ca980f?s=96&d=mm&r=g\",\"caption\":\"Kukk0n1adm1n\"},\"sameAs\":[\"https:\\\/\\\/kukkonia.sk\"]}]}<\/script>\n<!-- \/ Yoast SEO plugin. -->","yoast_head_json":{"title":"Kostol vo Vrak\u00fani a podpora Kukkonia","description":"Kukkonia podporila kostol sv\u00e4t\u00e9ho Jakuba vo Vrak\u00fani darovan\u00edm olt\u00e1ra, amb\u00f3nu a p\u00f3dia pre jednu z najstar\u0161\u00edch pamiatok a identitu \u017ditn\u00e9ho ostrova.","robots":{"index":"index","follow":"follow","max-snippet":"max-snippet:-1","max-image-preview":"max-image-preview:large","max-video-preview":"max-video-preview:-1"},"canonical":"https:\/\/kukkonia.sk\/hu\/rimskokatolicky-kostol-vo-vrakuni-2020\/","og_locale":"hu_HU","og_type":"article","og_title":"Kostol vo Vrak\u00fani a podpora Kukkonia","og_description":"Kukkonia podporila kostol sv\u00e4t\u00e9ho Jakuba vo Vrak\u00fani darovan\u00edm olt\u00e1ra, amb\u00f3nu a p\u00f3dia pre jednu z najstar\u0161\u00edch pamiatok a identitu \u017ditn\u00e9ho ostrova.","og_url":"https:\/\/kukkonia.sk\/hu\/rimskokatolicky-kostol-vo-vrakuni-2020\/","og_site_name":"Kukkonia","article_publisher":"https:\/\/www.facebook.com\/kukkonia.sk\/","article_published_time":"2025-10-27T13:21:37+00:00","article_modified_time":"2026-08-24T11:40:56+00:00","og_image":[{"width":1200,"height":800,"url":"https:\/\/kukkonia.sk\/wp-content\/uploads\/2025\/10\/templom_1.webp","type":"image\/webp"}],"author":"Kukk0n1adm1n","twitter_card":"summary_large_image","twitter_misc":{"Szerz\u0151:":"Kukk0n1adm1n","Becs\u00fclt olvas\u00e1si id\u0151":"2 perc"},"schema":{"@context":"https:\/\/schema.org","@graph":[{"@type":"Article","@id":"https:\/\/kukkonia.sk\/rimskokatolicky-kostol-vo-vrakuni-2020\/#article","isPartOf":{"@id":"https:\/\/kukkonia.sk\/rimskokatolicky-kostol-vo-vrakuni-2020\/"},"author":{"name":"Kukk0n1adm1n","@id":"https:\/\/kukkonia.sk\/#\/schema\/person\/a85619faa9a5847fc89d211c0ba15fa5"},"headline":"R\u00edmskokatol\u00edcky kostol vo Vrak\u00fani [2020]","datePublished":"2025-10-27T13:21:37+00:00","dateModified":"2026-08-24T11:40:56+00:00","mainEntityOfPage":{"@id":"https:\/\/kukkonia.sk\/rimskokatolicky-kostol-vo-vrakuni-2020\/"},"wordCount":313,"publisher":{"@id":"https:\/\/kukkonia.sk\/#organization"},"image":{"@id":"https:\/\/kukkonia.sk\/rimskokatolicky-kostol-vo-vrakuni-2020\/#primaryimage"},"thumbnailUrl":"https:\/\/kukkonia.sk\/wp-content\/uploads\/2025\/10\/templom_1.webp","articleSection":["Charitat\u00edvna pomoc","Rozvoj regi\u00f3nu"],"inLanguage":"hu"},{"@type":"WebPage","@id":"https:\/\/kukkonia.sk\/rimskokatolicky-kostol-vo-vrakuni-2020\/","url":"https:\/\/kukkonia.sk\/rimskokatolicky-kostol-vo-vrakuni-2020\/","name":"Kostol vo Vrak\u00fani a podpora Kukkonia","isPartOf":{"@id":"https:\/\/kukkonia.sk\/#website"},"primaryImageOfPage":{"@id":"https:\/\/kukkonia.sk\/rimskokatolicky-kostol-vo-vrakuni-2020\/#primaryimage"},"image":{"@id":"https:\/\/kukkonia.sk\/rimskokatolicky-kostol-vo-vrakuni-2020\/#primaryimage"},"thumbnailUrl":"https:\/\/kukkonia.sk\/wp-content\/uploads\/2025\/10\/templom_1.webp","datePublished":"2025-10-27T13:21:37+00:00","dateModified":"2026-08-24T11:40:56+00:00","description":"Kukkonia podporila kostol sv\u00e4t\u00e9ho Jakuba vo Vrak\u00fani darovan\u00edm olt\u00e1ra, amb\u00f3nu a p\u00f3dia pre jednu z najstar\u0161\u00edch pamiatok a identitu \u017ditn\u00e9ho ostrova.","breadcrumb":{"@id":"https:\/\/kukkonia.sk\/rimskokatolicky-kostol-vo-vrakuni-2020\/#breadcrumb"},"inLanguage":"hu","potentialAction":[{"@type":"ReadAction","target":["https:\/\/kukkonia.sk\/rimskokatolicky-kostol-vo-vrakuni-2020\/"]}]},{"@type":"ImageObject","inLanguage":"hu","@id":"https:\/\/kukkonia.sk\/rimskokatolicky-kostol-vo-vrakuni-2020\/#primaryimage","url":"https:\/\/kukkonia.sk\/wp-content\/uploads\/2025\/10\/templom_1.webp","contentUrl":"https:\/\/kukkonia.sk\/wp-content\/uploads\/2025\/10\/templom_1.webp","width":1200,"height":800},{"@type":"BreadcrumbList","@id":"https:\/\/kukkonia.sk\/rimskokatolicky-kostol-vo-vrakuni-2020\/#breadcrumb","itemListElement":[{"@type":"ListItem","position":1,"name":"Domov","item":"https:\/\/kukkonia.sk\/"},{"@type":"ListItem","position":2,"name":"R\u00edmskokatol\u00edcky kostol vo Vrak\u00fani [2020]"}]},{"@type":"WebSite","@id":"https:\/\/kukkonia.sk\/#website","url":"https:\/\/kukkonia.sk\/","name":"Kukkonia","description":"","publisher":{"@id":"https:\/\/kukkonia.sk\/#organization"},"alternateName":"Kukkonia.sk","potentialAction":[{"@type":"SearchAction","target":{"@type":"EntryPoint","urlTemplate":"https:\/\/kukkonia.sk\/?s={search_term_string}"},"query-input":{"@type":"PropertyValueSpecification","valueRequired":true,"valueName":"search_term_string"}}],"inLanguage":"hu"},{"@type":"Organization","@id":"https:\/\/kukkonia.sk\/#organization","name":"Kukkonia","url":"https:\/\/kukkonia.sk\/","logo":{"@type":"ImageObject","inLanguage":"hu","@id":"https:\/\/kukkonia.sk\/#\/schema\/logo\/image\/","url":"https:\/\/kukkonia.sk\/wp-content\/uploads\/2025\/09\/kukkonia-logobgr.svg","contentUrl":"https:\/\/kukkonia.sk\/wp-content\/uploads\/2025\/09\/kukkonia-logobgr.svg","caption":"Kukkonia"},"image":{"@id":"https:\/\/kukkonia.sk\/#\/schema\/logo\/image\/"},"sameAs":["https:\/\/www.facebook.com\/kukkonia.sk\/","https:\/\/www.instagram.com\/kukkonia\/"]},{"@type":"Person","@id":"https:\/\/kukkonia.sk\/#\/schema\/person\/a85619faa9a5847fc89d211c0ba15fa5","name":"Kukk0n1adm1n","image":{"@type":"ImageObject","inLanguage":"hu","@id":"https:\/\/secure.gravatar.com\/avatar\/66d75025c60e20f3d1ff9e27481a2fa8fafb25f366b5bb28abf8bc4654ca980f?s=96&d=mm&r=g","url":"https:\/\/secure.gravatar.com\/avatar\/66d75025c60e20f3d1ff9e27481a2fa8fafb25f366b5bb28abf8bc4654ca980f?s=96&d=mm&r=g","contentUrl":"https:\/\/secure.gravatar.com\/avatar\/66d75025c60e20f3d1ff9e27481a2fa8fafb25f366b5bb28abf8bc4654ca980f?s=96&d=mm&r=g","caption":"Kukk0n1adm1n"},"sameAs":["https:\/\/kukkonia.sk"]}]}},"_links":{"self":[{"href":"https:\/\/kukkonia.sk\/hu\/wp-json\/wp\/v2\/posts\/1294","targetHints":{"allow":["GET"]}}],"collection":[{"href":"https:\/\/kukkonia.sk\/hu\/wp-json\/wp\/v2\/posts"}],"about":[{"href":"https:\/\/kukkonia.sk\/hu\/wp-json\/wp\/v2\/types\/post"}],"author":[{"embeddable":true,"href":"https:\/\/kukkonia.sk\/hu\/wp-json\/wp\/v2\/users\/1"}],"replies":[{"embeddable":true,"href":"https:\/\/kukkonia.sk\/hu\/wp-json\/wp\/v2\/comments?post=1294"}],"version-history":[{"count":3,"href":"https:\/\/kukkonia.sk\/hu\/wp-json\/wp\/v2\/posts\/1294\/revisions"}],"predecessor-version":[{"id":4646,"href":"https:\/\/kukkonia.sk\/hu\/wp-json\/wp\/v2\/posts\/1294\/revisions\/4646"}],"wp:featuredmedia":[{"embeddable":true,"href":"https:\/\/kukkonia.sk\/hu\/wp-json\/wp\/v2\/media\/2712"}],"wp:attachment":[{"href":"https:\/\/kukkonia.sk\/hu\/wp-json\/wp\/v2\/media?parent=1294"}],"wp:term":[{"taxonomy":"category","embeddable":true,"href":"https:\/\/kukkonia.sk\/hu\/wp-json\/wp\/v2\/categories?post=1294"},{"taxonomy":"post_tag","embeddable":true,"href":"https:\/\/kukkonia.sk\/hu\/wp-json\/wp\/v2\/tags?post=1294"}],"curies":[{"name":"wp","href":"https:\/\/api.w.org\/{rel}","templated":true}]}}